{"id":54484,"date":"2025-04-26T13:29:14","date_gmt":"2025-04-26T13:29:14","guid":{"rendered":"https:\/\/www.europesays.com\/fr\/54484\/"},"modified":"2025-04-26T13:29:14","modified_gmt":"2025-04-26T13:29:14","slug":"il-avait-blesse-7-personnes-dont-une-grievement-a-la-gare-du-nord-et-ne-sera-certainement-jamais-juge","status":"publish","type":"post","link":"https:\/\/www.europesays.com\/fr\/54484\/","title":{"rendered":"il avait bless\u00e9 7 personnes dont une gri\u00e8vement \u00e0 la gare du Nord et ne sera certainement jamais jug\u00e9"},"content":{"rendered":"<p>            Par<br \/>\n        <strong><br \/>\n            <a href=\"https:\/\/actu.fr\/auteur\/thomas-martin\" title=\"Consulter tous les articles de Thomas Martin\" target=\"_blank\" rel=\"noopener\">Thomas Martin<\/a><br \/>\n        <\/strong><\/p>\n<p>        Publi\u00e9 le<\/p>\n<p>            26 avr. 2025 \u00e0 14h58        <\/p>\n<p>La juge d\u2019instruction parisienne charg\u00e9e de l\u2019enqu\u00eate sur une<a href=\"https:\/\/actu.fr\/ile-de-france\/paris_75056\/ce-que-l-on-sait-de-l-attaque-a-l-arme-blanche-la-gare-du-nord-a-paris_56510157.html\" target=\"_blank\" rel=\"noopener\"> attaque \u00e0 l\u2019arme blanche<\/a> <a href=\"https:\/\/actu.fr\/tag\/gare-du-nord\" target=\"_blank\" rel=\"noopener\">gare du Nord<\/a> \u00e0 Paris le 11 janvier 2023 a saisi la cour d\u2019appel pour qu\u2019elle statue sur <strong>l\u2019irresponsabilit\u00e9 p\u00e9nale de l\u2019assaillant<\/strong> qui avait bless\u00e9 sept personnes, a appris l\u2019AFP de source proche du dossier samedi, confirmant <a href=\"https:\/\/www.rtl.fr\/actu\/justice-faits-divers\/info-rtl-attaque-a-la-gare-du-nord-en-janvier-2023-l-assaillant-declare-irresponsable-penalement-7900498166\" target=\"_blank\" rel=\"noopener\">RTL<\/a>.<\/p>\n<p>\u00ab\u00a0Des films dans la t\u00eate\u00a0\u00bb<\/p>\n<p class=\" wall-content\">Le 11 janvier, vers 06h45, cet homme a bless\u00e9 sept personnes, dont une gri\u00e8vement, sur le parvis puis \u00e0 l\u2019int\u00e9rieur de la gare, avec une sorte de poin\u00e7on et en moins de deux minutes.\u00a0<br \/>La plupart des t\u00e9moins, cit\u00e9s dans l\u2019ordonnance de saisine dat\u00e9e de mardi dont l\u2019AFP a eu connaissance samedi, ont indiqu\u00e9 n\u2019avoir pas entendu de revendication durant cette attaque, suivie donc par une juridiction ordinaire et non par la justice antiterroriste.<\/p>\n<p class=\" wall-content\">L\u2019assaillant a \u00e9t\u00e9 immobilis\u00e9 par des tirs de policiers. Hospitalis\u00e9, il s\u2019est pr\u00e9sent\u00e9 comme Mohamed-Amine M., n\u00e9 en janvier 1991 en Alg\u00e9rie. Au cours de l\u2019enqu\u00eate, il a racont\u00e9 notamment avoir commis ces attaques \u00ab\u00a0\u00e0 cause des films qu\u2019il avait dans la t\u00eate\u00a0\u00bb, et affirmait avoir eu la volont\u00e9 de tuer \u00ab\u00a0directement\u00a0\u00bb.<\/p>\n<p class=\" wall-content\">Mis en examen pour tentatives d\u2019assassinats, il a \u00e9t\u00e9 plac\u00e9 en d\u00e9tention provisoire et a \u00e9t\u00e9 plusieurs fois hospitalis\u00e9 en psychiatrie ces deux derni\u00e8res ann\u00e9es.<br \/>Un premier examen psychiatrique de juillet 2023 a \u00e9tabli qu\u2019il \u00ab\u00a0pr\u00e9sentait une maladie psychotique non stabilis\u00e9e\u00a0\u00bb, avec \u00ab\u00a0au moment des faits un \u00e9pisode d\u00e9lirant\u00a0\u00bb, et se pronon\u00e7ait en faveur de l\u2019abolition de son discernement.<\/p>\n<p class=\" wall-content\">Une contre-expertise, r\u00e9alis\u00e9e en mars 2024, \u00e9tablissait \u00e0 son tour \u00ab\u00a0\u00e0 l\u2019\u00e9poque des faits un d\u00e9lire aigu \u00e0 th\u00e8me de pers\u00e9cution\u00a0\u00bb et se pronon\u00e7ait aussi pour l\u2019abolition du discernement. Dans les deux cas, les experts pr\u00f4naient des soins et pr\u00e9sentaient Mohamed-Amine M. comme potentiellement \u00ab\u00a0dangereux\u00a0\u00bb.<\/p>\n<p>Vid\u00e9os : en ce moment sur Actu\u00ab\u00a0Une pathologie mentale abolissant totalement le discernement\u00a0\u00bb<\/p>\n<p class=\" wall-content\">Dans son ordonnance de mardi, la juge a donc retenu in fine \u00ab\u00a0l\u2019existence d\u2019une pathologie mentale abolissant totalement le discernement\u00a0\u00bb de l\u2019assaillant au moment des faits, et saisi la chambre de l\u2019instruction de la cour d\u2019appel de Paris pour statuer sur sa responsabilit\u00e9 p\u00e9nale.<\/p>\n<p class=\" wall-content\">L\u2019audience doit se tenir dans les six mois.<\/p>\n<p class=\" wall-content\">\u00ab\u00a0Diff\u00e9rents experts ont pu confirmer ce qui semblait \u00e9vident d\u00e8s les premiers instants de l\u2019enqu\u00eate, \u00e0 savoir que mon client souffrait d\u2019un trouble psychiatrique ayant aboli son discernement\u00a0\u00bb a indiqu\u00e9 \u00e0 l\u2019AFP l\u2019avocat de l\u2019assaillant, Me Ambroise Vienet-Legu\u00e9.\u00a0<br \/>\u00ab\u00a0Le diagnostic pos\u00e9 a permis la mise en place d\u2019un traitement m\u00e9dical efficace. L\u2019audience permettra de d\u00e9terminer les mesures qui doivent encore s\u2019imposer\u00a0\u00bb, a-t-il ajout\u00e9.<\/p>\n<p class=\" wall-content\"><strong>Avec AFP<\/strong><\/p>\n<p class=\" wall-content\">Suivez toute l\u2019actualit\u00e9 de vos villes et m\u00e9dias favoris en vous inscrivant \u00e0 <a href=\"https:\/\/moncompte.actu.fr\" title=\"D\u00e9couvez Mon Actu\" rel=\"nofollow noopener\" data-trk=\"{&quot;cta&quot;:{&quot;action&quot;:&quot;https:\\\/\\\/moncompte.actu.fr&quot;,&quot;category&quot;:&quot;mon compte&quot;,&quot;from&quot;:&quot;article footer&quot;,&quot;name&quot;:&quot;Mon actu&quot;,&quot;type&quot;:&quot;cta&quot;}}\" target=\"_blank\">Mon Actu<\/a>.<\/p>\n","protected":false},"excerpt":{"rendered":"Par Thomas Martin Publi\u00e9 le 26 avr. 2025 \u00e0 14h58 La juge d\u2019instruction parisienne charg\u00e9e de l\u2019enqu\u00eate sur&hellip;\n","protected":false},"author":2,"featured_media":54485,"comment_status":"","ping_status":"","sticky":false,"template":"","format":"standard","meta":{"footnotes":""},"categories":[1888],"tags":[11,1777,674,118,1011,27,14904,303,12,626,25,4595],"class_list":{"0":"post-54484","1":"post","2":"type-post","3":"status-publish","4":"format-standard","5":"has-post-thumbnail","7":"category-paris","8":"tag-actualites","9":"tag-eu","10":"tag-europe","11":"tag-faits-divers","12":"tag-fr","13":"tag-france","14":"tag-gare-du-nord","15":"tag-justice","16":"tag-news","17":"tag-paris","18":"tag-republique-francaise","19":"tag-tribunal-de-paris"},"share_on_mastodon":{"url":"https:\/\/pubeurope.com\/@fr\/114404508536310486","error":""},"_links":{"self":[{"href":"https:\/\/www.europesays.com\/fr\/wp-json\/wp\/v2\/posts\/54484","targetHints":{"allow":["GET"]}}],"collection":[{"href":"https:\/\/www.europesays.com\/fr\/wp-json\/wp\/v2\/posts"}],"about":[{"href":"https:\/\/www.europesays.com\/fr\/wp-json\/wp\/v2\/types\/post"}],"author":[{"embeddable":true,"href":"https:\/\/www.europesays.com\/fr\/wp-json\/wp\/v2\/users\/2"}],"replies":[{"embeddable":true,"href":"https:\/\/www.europesays.com\/fr\/wp-json\/wp\/v2\/comments?post=54484"}],"version-history":[{"count":0,"href":"https:\/\/www.europesays.com\/fr\/wp-json\/wp\/v2\/posts\/54484\/revisions"}],"wp:featuredmedia":[{"embeddable":true,"href":"https:\/\/www.europesays.com\/fr\/wp-json\/wp\/v2\/media\/54485"}],"wp:attachment":[{"href":"https:\/\/www.europesays.com\/fr\/wp-json\/wp\/v2\/media?parent=54484"}],"wp:term":[{"taxonomy":"category","embeddable":true,"href":"https:\/\/www.europesays.com\/fr\/wp-json\/wp\/v2\/categories?post=54484"},{"taxonomy":"post_tag","embeddable":true,"href":"https:\/\/www.europesays.com\/fr\/wp-json\/wp\/v2\/tags?post=54484"}],"curies":[{"name":"wp","href":"https:\/\/api.w.org\/{rel}","templated":true}]}}