{"id":544853,"date":"2025-11-19T14:29:15","date_gmt":"2025-11-19T14:29:15","guid":{"rendered":"https:\/\/www.europesays.com\/fr\/544853\/"},"modified":"2025-11-19T14:29:15","modified_gmt":"2025-11-19T14:29:15","slug":"la-premiere-edition-du-salon-des-vignerons-de-saint-emilion-organisee-a-bordeaux-les-29-et-30-novembre","status":"publish","type":"post","link":"https:\/\/www.europesays.com\/fr\/544853\/","title":{"rendered":"La premi\u00e8re \u00e9dition du Salon des vignerons de Saint-\u00c9milion organis\u00e9e \u00e0 Bordeaux les 29 et 30 novembre"},"content":{"rendered":"<p>\n    Pour lutter contre la crise viticole qui ne les \u00e9pargne pas, 140 viticulteurs de Saint-\u00c9milion organisent leur premier salon \u00e0 Bordeaux. Ils esp\u00e8rent conqu\u00e9rir de nouveaux consommateurs.<\/p>\n<p class=\"fig-paragraph\">\u00abCe salon a pour objectif de montrer\u00a0<a href=\"http:\/\/www.lefigaro.fr\/bordeaux\/a-deux-pas-de-saint-emilion-un-couple-sauve-un-vignoble-en-fabriquant-de-la-sauce-soja-20251018\" data-fig-type=\"NewsFlash\" data-gtm-custom-categorie=\"navigation\" data-gtm-custom-action=\"crossclick\" data-gtm-custom-label=\"Contextuel\" data-gtm-event=\"customEventSPE\" data-fig-domain=\"LEFIGARO\" rel=\"nofollow noopener\" target=\"_blank\">la diversit\u00e9 de ce que nous pouvons produire\u00a0<\/a> dans le Saint-\u00c9milionnais\u00bb, explique d\u2019embl\u00e9e Sabine Silvestrini, la porte-parole du Conseil des vins de<a href=\"http:\/\/www.lefigaro.fr\/bordeaux\/a-saint-emilion-un-grand-prix-d-avant-guerre-organise-sous-l-egide-de-la-federation-francaise-du-sport-automobile-20250518\" data-fig-type=\"NewsFlash\" data-gtm-custom-categorie=\"navigation\" data-gtm-custom-action=\"crossclick\" data-gtm-custom-label=\"Contextuel\" data-gtm-event=\"customEventSPE\" data-fig-domain=\"LEFIGARO\" rel=\"nofollow noopener\" target=\"_blank\">\u00a0Saint-\u00c9milion<\/a>. Pour la premi\u00e8re fois, 140 vignerons du\u00a0<a href=\"http:\/\/www.lefigaro.fr\/lyon\/pour-sauver-ses-vignes-le-beaujolais-declare-la-guerre-aux-parcelles-abandonnees-et-a-la-cicadelle-20230727\" data-fig-type=\"Article\" data-gtm-custom-categorie=\"navigation\" data-gtm-custom-action=\"crossclick\" data-gtm-custom-label=\"Contextuel\" data-gtm-event=\"customEventSPE\" data-fig-domain=\"LEFIGARO\" rel=\"nofollow noopener\" target=\"_blank\">c\u00e9l\u00e8bre vignoble<\/a>\u00a0class\u00e9 au patrimoine mondial de l\u2019Unesco se d\u00e9placent \u00e0 Bordeaux \u00e0 l\u2019occasion d\u2019un salon, samedi 29 et dimanche 30 novembre. La r\u00e9ception doit se tenir dans le hangar 14, sur les quais de la rive gauche du port de la Lune. Le tarif d\u2019entr\u00e9e est accessible \u00e0 tous\u00a0: 10 euros, avec un verre grav\u00e9 offert pour d\u00e9couvrir les vins des exposants. Des initiations \u00e0 la d\u00e9gustation seront propos\u00e9es dans l\u2019apr\u00e8s-midi, tandis que des masterclass &#8211; organis\u00e9es par des grands crus &#8211; sont accessibles sur inscriptions le matin.<\/p>\n<p class=\"fig-paragraph\">\u00abNous songions \u00e0 ce projet depuis quelques ann\u00e9es. Nous avons une vraie volont\u00e9 d\u2019aller aux devants des consommateurs Bordelais pour conqu\u00e9rir ou reconqu\u00e9rir leur c\u0153ur\u00bb, avance Sabine Silvestrini, viticultrice \u00e0 Lussac-Saint-\u00c9milion. Comme le Bordelais, son terroir cherche des \u00abmoyens d\u2019ouvrir des portes pour vendre son vin\u00bb malgr\u00e9 la crise. \u00abLes consommateurs ont plus de mal \u00e0 visiter nos exploitations qu\u2019avant donc nous avons d\u00e9cid\u00e9 de venir chez eux\u00bb, r\u00e9sume le Conseil des vins de Saint-\u00c9milion. Il esp\u00e8re d\u00e9j\u00e0 que ce salon, organis\u00e9 opportun\u00e9ment alors que No\u00ebl approche pour favoriser les achats, sera le premier d\u2019une longue s\u00e9rie.<\/p>\n<p>                                    <a class=\"fig-a11y-skip a11y-hidden\" href=\"#fig-a11y-skip-main-inarticle\"><br \/>\n        Passer la publicit\u00e9<br \/>\n    <\/a><\/p>\n<p class=\"fig-paragraph\"><a href=\"https:\/\/vins-saint-emilion.com\/bienvenue-dans-le-vignoble\/evenements-incontournables\/salon-vignerons-saint-emilion-bordeaux\/\" target=\"_blank\" rel=\"sponsored noopener nofollow\" data-gtm-custom-categorie=\"navigation\" data-gtm-custom-action=\"crossclick\" data-gtm-custom-label=\"Contextuel\" data-gtm-event=\"customEventSPE\">Inscription sur le site internet<\/a> \u00a0du conseil des vins de Saint-\u00c9milion.\u00a0<\/p>\n","protected":false},"excerpt":{"rendered":"Pour lutter contre la crise viticole qui ne les \u00e9pargne pas, 140 viticulteurs de Saint-\u00c9milion organisent leur premier&hellip;\n","protected":false},"author":2,"featured_media":544854,"comment_status":"","ping_status":"","sticky":false,"template":"","format":"standard","meta":{"footnotes":""},"categories":[2817],"tags":[1111,11,1997,1777,674,1011,27,12,2219,25,6290,1662,18193],"class_list":{"0":"post-544853","1":"post","2":"type-post","3":"status-publish","4":"format-standard","5":"has-post-thumbnail","7":"category-bordeaux","8":"tag-actu","9":"tag-actualites","10":"tag-bordeaux","11":"tag-eu","12":"tag-europe","13":"tag-fr","14":"tag-france","15":"tag-news","16":"tag-nouvelle-aquitaine","17":"tag-republique-francaise","18":"tag-salon","19":"tag-vin","20":"tag-viticulture"},"share_on_mastodon":{"url":"https:\/\/pubeurope.com\/@fr\/115576842815496070","error":""},"_links":{"self":[{"href":"https:\/\/www.europesays.com\/fr\/wp-json\/wp\/v2\/posts\/544853","targetHints":{"allow":["GET"]}}],"collection":[{"href":"https:\/\/www.europesays.com\/fr\/wp-json\/wp\/v2\/posts"}],"about":[{"href":"https:\/\/www.europesays.com\/fr\/wp-json\/wp\/v2\/types\/post"}],"author":[{"embeddable":true,"href":"https:\/\/www.europesays.com\/fr\/wp-json\/wp\/v2\/users\/2"}],"replies":[{"embeddable":true,"href":"https:\/\/www.europesays.com\/fr\/wp-json\/wp\/v2\/comments?post=544853"}],"version-history":[{"count":0,"href":"https:\/\/www.europesays.com\/fr\/wp-json\/wp\/v2\/posts\/544853\/revisions"}],"wp:featuredmedia":[{"embeddable":true,"href":"https:\/\/www.europesays.com\/fr\/wp-json\/wp\/v2\/media\/544854"}],"wp:attachment":[{"href":"https:\/\/www.europesays.com\/fr\/wp-json\/wp\/v2\/media?parent=544853"}],"wp:term":[{"taxonomy":"category","embeddable":true,"href":"https:\/\/www.europesays.com\/fr\/wp-json\/wp\/v2\/categories?post=544853"},{"taxonomy":"post_tag","embeddable":true,"href":"https:\/\/www.europesays.com\/fr\/wp-json\/wp\/v2\/tags?post=544853"}],"curies":[{"name":"wp","href":"https:\/\/api.w.org\/{rel}","templated":true}]}}