{"id":54486,"date":"2025-04-26T13:30:09","date_gmt":"2025-04-26T13:30:09","guid":{"rendered":"https:\/\/www.europesays.com\/fr\/54486\/"},"modified":"2025-04-26T13:30:09","modified_gmt":"2025-04-26T13:30:09","slug":"la-russie-recupere-une-eglise-et-un-cimetiere-emblematiques-a-nice-2","status":"publish","type":"post","link":"https:\/\/www.europesays.com\/fr\/54486\/","title":{"rendered":"La Russie r\u00e9cup\u00e8re une \u00e9glise et un cimeti\u00e8re embl\u00e9matiques \u00e0 Nice"},"content":{"rendered":"<p class=\"paragraph text_align_left\">Un peu de Russie sur le sol fran\u00e7ais. Apr\u00e8s avoir r\u00e9cup\u00e9r\u00e9 la cath\u00e9drale orthodoxe de Nice en 2013, la Russie vient d\u2019\u00eatre reconnue propri\u00e9taire d\u2019une \u00e9glise et d\u2019un cimeti\u00e8re de la ville au d\u00e9triment de l\u2019association cultuelle qui les g\u00e9rait depuis un si\u00e8cle dans une d\u00e9cision de la cour d\u2019appel d\u2019Aix-en-Provence rendue, jeudi, et r\u00e9v\u00e9l\u00e9e, ce samedi, par <a href=\"https:\/\/www.nicematin.com\/\" target=\"_blank\" rel=\"nofollow noopener\">Nice-Matin.<\/a><\/p>\n<p class=\"paragraph text_align_left\">Dans la seconde moiti\u00e9 du XIXe\u00a0si\u00e8cle, la famille imp\u00e9riale et l\u2019\u00c9glise orthodoxe de Russie avaient acquis des terrains \u00e0 Nice et \u00e9rig\u00e9 des \u00e9difices religieux, qui ont accueilli les Russes en vill\u00e9giature sur la C\u00f4te d\u2019Azur puis ceux qui s\u2019y sont install\u00e9s apr\u00e8s la R\u00e9volution de 1917.<\/p>\n<p class=\"paragraph text_align_left\">Le pouvoir sovi\u00e9tique s\u2019est d\u00e9sint\u00e9ress\u00e9 de ces biens, qui ont \u00e9t\u00e9 confi\u00e9s dans les ann\u00e9es 1920 \u00e0 l\u2019association culturelle Acor, cr\u00e9\u00e9e pour assurer la continuit\u00e9 du culte. La paroisse orthodoxe russe de Nice ne s\u2019est cependant jamais affili\u00e9e au patriarcat de Moscou, lui pr\u00e9f\u00e9rant le patriarcat de Constantinople, puis en 2019 le patriarcat de Roumanie.<\/p>\n<p>Une bataille juridique de plusieurs ann\u00e9es<\/p>\n<p class=\"paragraph text_align_left\">Mais apr\u00e8s la chute de l\u2019URSS,<a href=\"https:\/\/www.leparisien.fr\/faits-divers\/comment-une-petite-eglise-orthodoxe-de-nice-resiste-a-la-russie-25-02-2021-8426353.php\" target=\"_blank\" rel=\"nofollow noopener\"> la f\u00e9d\u00e9ration de Russie est venue r\u00e9clamer ses propri\u00e9t\u00e9s<\/a>. L\u2019Acor a lutt\u00e9, au nom du droit \u00e0 la prescription acquisitive, qui permet de revendiquer la propri\u00e9t\u00e9 d\u2019un bien si on en a acquitt\u00e9 les imp\u00f4ts pendant plus de 30 ans. Mais Moscou a fait valoir que les propri\u00e9t\u00e9s de l\u2019\u00c9glise russe \u00e9taient de fait propri\u00e9t\u00e9 de l\u2019\u00c9tat russe, puisqu\u2019ils n\u2019\u00e9taient pas s\u00e9par\u00e9s lors des acquisitions et constructions, et que la propri\u00e9t\u00e9 d\u2019un \u00c9tat \u00e9tait imprescriptible.<\/p>\n<p class=\"paragraph text_align_left\">Apr\u00e8s des ann\u00e9es de bataille juridique, la Russie a d\u2019abord r\u00e9cup\u00e9r\u00e9 la cath\u00e9drale orthodoxe en 2013. Et malgr\u00e9 une d\u00e9cision de premi\u00e8re instance favorable \u00e0 l\u2019Acor en 2021, elle vient de r\u00e9cup\u00e9rer aussi le cimeti\u00e8re Caucade, o\u00f9 reposent des centaines d\u2019\u00e9migr\u00e9s russes sur une l\u00e9g\u00e8re hauteur dans l\u2019ouest de la ville et l\u2019\u00e9glise Saint-Nicolas-et-Sainte-Alexandra, surnomm\u00e9e la \u00ab\u00a0vieille \u00e9glise\u00a0\u00bb orthodoxe russe.<\/p>\n<p class=\"paragraph text_align_left\">La cour d\u2019appel a estim\u00e9 que m\u00eame s\u2019ils avaient \u00e9t\u00e9 achet\u00e9s gr\u00e2ce \u00e0 des dons priv\u00e9s, ces deux sites \u00e9taient propri\u00e9t\u00e9 de l\u2019\u00c9glise et donc de l\u2019\u00c9tat russe, et que l\u2019autorit\u00e9 qui les avait confi\u00e9s \u00e0 l\u2019Acor dans les ann\u00e9es 1920 n\u2019avait pu lui transmettre que la mission d\u2019organiser le culte, pas la propri\u00e9t\u00e9 des biens.<\/p>\n<p class=\"paragraph text_align_left\">\u00ab\u00a0Nous sommes atterr\u00e9s\u00a0\u00bb, a d\u00e9clar\u00e9 Alexis Obolensky, pr\u00e9sident de l\u2019Acor. \u00ab\u00a0On nous l\u00e2che dans la nature, on ne sait plus o\u00f9 aller. Ce sont des centaines de fid\u00e8les qui sont concern\u00e9s et qui sont jet\u00e9s \u00e0 la rue.\u00a0\u00bb Et cela peut aller vite\u00a0: en 2013, la Russie avait repris la cath\u00e9drale en faisant changer toutes les serrures du jour au lendemain.<\/p>\n","protected":false},"excerpt":{"rendered":"Un peu de Russie sur le sol fran\u00e7ais. Apr\u00e8s avoir r\u00e9cup\u00e9r\u00e9 la cath\u00e9drale orthodoxe de Nice en 2013,&hellip;\n","protected":false},"author":2,"featured_media":54487,"comment_status":"","ping_status":"","sticky":false,"template":"","format":"standard","meta":{"footnotes":""},"categories":[1591],"tags":[11,459,1887,12,11725,1885,1886,132,104],"class_list":{"0":"post-54486","1":"post","2":"type-post","3":"status-publish","4":"format-standard","5":"has-post-thumbnail","7":"category-russie","8":"tag-actualites","9":"tag-departements-horsidfo","10":"tag-federation-de-russie","11":"tag-news","12":"tag-religions","13":"tag-russia","14":"tag-russian-federation","15":"tag-russie","16":"tag-societe"},"share_on_mastodon":{"url":"https:\/\/pubeurope.com\/@fr\/114404512557281298","error":""},"_links":{"self":[{"href":"https:\/\/www.europesays.com\/fr\/wp-json\/wp\/v2\/posts\/54486","targetHints":{"allow":["GET"]}}],"collection":[{"href":"https:\/\/www.europesays.com\/fr\/wp-json\/wp\/v2\/posts"}],"about":[{"href":"https:\/\/www.europesays.com\/fr\/wp-json\/wp\/v2\/types\/post"}],"author":[{"embeddable":true,"href":"https:\/\/www.europesays.com\/fr\/wp-json\/wp\/v2\/users\/2"}],"replies":[{"embeddable":true,"href":"https:\/\/www.europesays.com\/fr\/wp-json\/wp\/v2\/comments?post=54486"}],"version-history":[{"count":0,"href":"https:\/\/www.europesays.com\/fr\/wp-json\/wp\/v2\/posts\/54486\/revisions"}],"wp:featuredmedia":[{"embeddable":true,"href":"https:\/\/www.europesays.com\/fr\/wp-json\/wp\/v2\/media\/54487"}],"wp:attachment":[{"href":"https:\/\/www.europesays.com\/fr\/wp-json\/wp\/v2\/media?parent=54486"}],"wp:term":[{"taxonomy":"category","embeddable":true,"href":"https:\/\/www.europesays.com\/fr\/wp-json\/wp\/v2\/categories?post=54486"},{"taxonomy":"post_tag","embeddable":true,"href":"https:\/\/www.europesays.com\/fr\/wp-json\/wp\/v2\/tags?post=54486"}],"curies":[{"name":"wp","href":"https:\/\/api.w.org\/{rel}","templated":true}]}}