{"id":544863,"date":"2025-11-19T14:34:15","date_gmt":"2025-11-19T14:34:15","guid":{"rendered":"https:\/\/www.europesays.com\/fr\/544863\/"},"modified":"2025-11-19T14:34:15","modified_gmt":"2025-11-19T14:34:15","slug":"notre-accent-est-plus-que-jamais-present-assure-mederic-gasquet-cyrus-maitre-de-conference-a-aix-marseille-universite","status":"publish","type":"post","link":"https:\/\/www.europesays.com\/fr\/544863\/","title":{"rendered":"\u00ab\u00a0Notre accent est plus que jamais pr\u00e9sent\u00a0\u00bb, assure M\u00e9d\u00e9ric Gasquet-Cyrus ma\u00eetre de conf\u00e9rence \u00e0 Aix-Marseille Universit\u00e9"},"content":{"rendered":"<p>Selon un sondage publi\u00e9 fin octobre par la plateforme d\u2019apprentissage des langues Preply men\u00e9 aupr\u00e8s de 1\u00a0500 Fran\u00e7ais par l\u2019institut Censuswide sur la perception des accents r\u00e9gionaux, 62% des habitants de Provence Alpes C\u00f4te d&rsquo;Azur estiment que <a href=\"https:\/\/www.laprovence.com\/article\/edition-marseille\/4940785\/marseilleprend-un-drole-daccent.html\" target=\"_blank\" rel=\"noopener\">leur accent est en voie de disparition<\/a>. Au plan national, ce ressenti concerne 55% des Fran\u00e7ais, et les 16-28\u00a0ans sont les plus nombreux \u00e0 l\u2019exprimer (58,8%). Si nombre de m\u00e9dias ont tir\u00e9 de ce sondage une conclusion h\u00e2tive, d\u00e9cr\u00e9tant que les accents se perdent, le socio-linguiste, ma\u00eetre de conf\u00e9rence \u00e0 Aix-Marseille Universit\u00e9 <a href=\"https:\/\/laprovence.com\/article\/societe\/22557813992975\/marseille-la-glottophobie-peut-continuer-a-regner\" target=\"_blank\" rel=\"noopener\">M\u00e9d\u00e9ric Gasquet-Cyrus<\/a> appelle \u00e0 la nuance.<\/p>\n<p><strong>Comment interpr\u00e9tez-vous ce sondage\u00a0?<\/strong>&#13;\n<\/p>\n<p>Il s\u2019agit bien d\u2019un sondage et non pas d\u2019une enqu\u00eate ou d\u2019une \u00e9tude, c\u2019est-\u00e0-dire qu\u2019une seule question a \u00e9t\u00e9 pos\u00e9e, et reste encore \u00e0 savoir \u00e0 qui elle a \u00e9t\u00e9 pos\u00e9e. Dans la r\u00e9gion, est-ce \u00e0 un Ni\u00e7ois ? Un Alpin ? Un Marseillais ? Un habitant d\u2019origine maghr\u00e9bine ? Corse ? Un nouvellement arriv\u00e9 ? D\u2019un point de vue scientifique, cela pose la question de la m\u00e9thodologie. Ensuite, on parle bien de ressenti, et les auteurs du sondage eux-m\u00eames le soulignent dans l\u2019analyse qui accompagne le communiqu\u00e9\u00a0: exprimer le sentiment que l\u2019accent d&#8230;<\/p>\n","protected":false},"excerpt":{"rendered":"Selon un sondage publi\u00e9 fin octobre par la plateforme d\u2019apprentissage des langues Preply men\u00e9 aupr\u00e8s de 1\u00a0500 Fran\u00e7ais&hellip;\n","protected":false},"author":2,"featured_media":544864,"comment_status":"","ping_status":"","sticky":false,"template":"","format":"standard","meta":{"footnotes":""},"categories":[2814],"tags":[17,15357,1111,11,932,1777,674,1011,27,5776,884,12,14455,378,8995,882,746,25,104],"class_list":{"0":"post-544863","1":"post","2":"type-post","3":"status-publish","4":"format-standard","5":"has-post-thumbnail","7":"category-marseille","8":"tag-17","9":"tag-accent","10":"tag-actu","11":"tag-actualites","12":"tag-est","13":"tag-eu","14":"tag-europe","15":"tag-fr","16":"tag-france","17":"tag-jamais","18":"tag-marseille","19":"tag-news","20":"tag-notre","21":"tag-plus","22":"tag-present","23":"tag-provence-alpes-cote-dazur","24":"tag-que","25":"tag-republique-francaise","26":"tag-societe"},"share_on_mastodon":{"url":"https:\/\/pubeurope.com\/@fr\/115576862498232514","error":""},"_links":{"self":[{"href":"https:\/\/www.europesays.com\/fr\/wp-json\/wp\/v2\/posts\/544863","targetHints":{"allow":["GET"]}}],"collection":[{"href":"https:\/\/www.europesays.com\/fr\/wp-json\/wp\/v2\/posts"}],"about":[{"href":"https:\/\/www.europesays.com\/fr\/wp-json\/wp\/v2\/types\/post"}],"author":[{"embeddable":true,"href":"https:\/\/www.europesays.com\/fr\/wp-json\/wp\/v2\/users\/2"}],"replies":[{"embeddable":true,"href":"https:\/\/www.europesays.com\/fr\/wp-json\/wp\/v2\/comments?post=544863"}],"version-history":[{"count":0,"href":"https:\/\/www.europesays.com\/fr\/wp-json\/wp\/v2\/posts\/544863\/revisions"}],"wp:featuredmedia":[{"embeddable":true,"href":"https:\/\/www.europesays.com\/fr\/wp-json\/wp\/v2\/media\/544864"}],"wp:attachment":[{"href":"https:\/\/www.europesays.com\/fr\/wp-json\/wp\/v2\/media?parent=544863"}],"wp:term":[{"taxonomy":"category","embeddable":true,"href":"https:\/\/www.europesays.com\/fr\/wp-json\/wp\/v2\/categories?post=544863"},{"taxonomy":"post_tag","embeddable":true,"href":"https:\/\/www.europesays.com\/fr\/wp-json\/wp\/v2\/tags?post=544863"}],"curies":[{"name":"wp","href":"https:\/\/api.w.org\/{rel}","templated":true}]}}