{"id":544867,"date":"2025-11-19T14:36:22","date_gmt":"2025-11-19T14:36:22","guid":{"rendered":"https:\/\/www.europesays.com\/fr\/544867\/"},"modified":"2025-11-19T14:36:22","modified_gmt":"2025-11-19T14:36:22","slug":"video-sud-de-lyon-il-refuse-de-sarreter-a-un-controle-et-blesse-un-policier","status":"publish","type":"post","link":"https:\/\/www.europesays.com\/fr\/544867\/","title":{"rendered":"VID\u00c9O &#8211; Sud de Lyon : il refuse de s&rsquo;arr\u00eater \u00e0 un contr\u00f4le et blesse un policier"},"content":{"rendered":"<p>Mardi, en d\u00e9but de soir\u00e9e, un automobiliste a bless\u00e9 un policier apr\u00e8s un refus d&rsquo;obtemp\u00e9rer \u00e0 V\u00e9nissieux. Le chauffard est toujours en fuite.<\/p>\n<p>L&rsquo;auteur du refus d&rsquo;obtemp\u00e9rer est actuellement recherch\u00e9. Mardi 18 novembre, un \u00e9quipage de police rep\u00e8re un conducteur dangereux \u00e0 <b>V\u00e9nissieux<\/b>, au sud de Lyon.<\/p>\n<p>Il blesse un policier et prend la fuite<\/p>\n<p>Cet automobiliste vient d&rsquo;encha\u00eener les infractions au Code de la route. Les forces de l&rsquo;ordre d\u00e9cident de le contr\u00f4ler sur <b>le boulevard\u00a0Ambroise Croizat<\/b>.<\/p>\n<p>Mais selon <a class=\"url\" href=\"https:\/\/www.leprogres.fr\/faits-divers-justice\/2025\/11\/19\/un-policier-blesse-lors-d-un-refus-d-obtemperer-a-venissieux\" target=\"_blank\" rel=\"noopener\">Le Progr\u00e8s<\/a>, ce dernier refuse de s&rsquo;arr\u00eater. Il force alors le passage et blesse un agent avec son v\u00e9hicule. L&rsquo;homme a ensuite pris la fuite.<\/p>\n<p>Le policier a \u00e9t\u00e9 l\u00e9g\u00e8rement bless\u00e9 et a port\u00e9 plainte. Une enqu\u00eate est ouverte pour parvenir \u00e0 identifier le chauffard qui est toujours recherch\u00e9.<\/p>\n<p><img loading=\"lazy\" decoding=\"async\" src=\"https:\/\/www.europesays.com\/fr\/wp-content\/uploads\/2025\/11\/1763562982_200_img\" width=\"350\" height=\"200\" border=\"0\" title=\"Un ouistiti captur\u00c3\u00a9 par les pompiers du Rh\u00c3\u00b4ne\"\/><\/p>\n<p>\u25baFaits divers<\/p>\n<p style=\"font-size: 22px;\"><b>Il vole des singes dans un laboratoire : un homme interpell\u00e9 pr\u00e8s de Lyon<\/b><\/p>\n<p>Un homme a \u00e9t\u00e9 interpell\u00e9 pr\u00e8s de Lyon. Il est&#8230;<\/p>\n<p><\/p>\n","protected":false},"excerpt":{"rendered":"Mardi, en d\u00e9but de soir\u00e9e, un automobiliste a bless\u00e9 un policier apr\u00e8s un refus d&rsquo;obtemp\u00e9rer \u00e0 V\u00e9nissieux. Le&hellip;\n","protected":false},"author":2,"featured_media":544868,"comment_status":"","ping_status":"","sticky":false,"template":"","format":"standard","meta":{"footnotes":""},"categories":[1889],"tags":[1111,11,2430,1777,674,1011,27,2428,12,66341,43681,25,66340,5430],"class_list":{"0":"post-544867","1":"post","2":"type-post","3":"status-publish","4":"format-standard","5":"has-post-thumbnail","7":"category-lyon","8":"tag-actu","9":"tag-actualites","10":"tag-auvergne-rhone-alpes","11":"tag-eu","12":"tag-europe","13":"tag-fr","14":"tag-france","15":"tag-lyon","16":"tag-news","17":"tag-policier-bless","18":"tag-refus-dobtemprer","19":"tag-republique-francaise","20":"tag-sud-de-lyon","21":"tag-vnissieux"},"share_on_mastodon":{"url":"https:\/\/pubeurope.com\/@fr\/115576871214565387","error":""},"_links":{"self":[{"href":"https:\/\/www.europesays.com\/fr\/wp-json\/wp\/v2\/posts\/544867","targetHints":{"allow":["GET"]}}],"collection":[{"href":"https:\/\/www.europesays.com\/fr\/wp-json\/wp\/v2\/posts"}],"about":[{"href":"https:\/\/www.europesays.com\/fr\/wp-json\/wp\/v2\/types\/post"}],"author":[{"embeddable":true,"href":"https:\/\/www.europesays.com\/fr\/wp-json\/wp\/v2\/users\/2"}],"replies":[{"embeddable":true,"href":"https:\/\/www.europesays.com\/fr\/wp-json\/wp\/v2\/comments?post=544867"}],"version-history":[{"count":0,"href":"https:\/\/www.europesays.com\/fr\/wp-json\/wp\/v2\/posts\/544867\/revisions"}],"wp:featuredmedia":[{"embeddable":true,"href":"https:\/\/www.europesays.com\/fr\/wp-json\/wp\/v2\/media\/544868"}],"wp:attachment":[{"href":"https:\/\/www.europesays.com\/fr\/wp-json\/wp\/v2\/media?parent=544867"}],"wp:term":[{"taxonomy":"category","embeddable":true,"href":"https:\/\/www.europesays.com\/fr\/wp-json\/wp\/v2\/categories?post=544867"},{"taxonomy":"post_tag","embeddable":true,"href":"https:\/\/www.europesays.com\/fr\/wp-json\/wp\/v2\/tags?post=544867"}],"curies":[{"name":"wp","href":"https:\/\/api.w.org\/{rel}","templated":true}]}}