{"id":544869,"date":"2025-11-19T14:37:19","date_gmt":"2025-11-19T14:37:19","guid":{"rendered":"https:\/\/www.europesays.com\/fr\/544869\/"},"modified":"2025-11-19T14:37:19","modified_gmt":"2025-11-19T14:37:19","slug":"le-meilleur-du-supercross-et-du-freestyle-reuni-pour-deux-soirees","status":"publish","type":"post","link":"https:\/\/www.europesays.com\/fr\/544869\/","title":{"rendered":"le meilleur du supercross et du freestyle r\u00e9uni pour deux soir\u00e9es"},"content":{"rendered":"<p>Le Palais des Sports de Lyon accueillera \u00e0 nouveau le Supercross de Lyon ces 21 et 22\u00a0novembre 2025, derni\u00e8re \u00e9tape du SX Tour \u2013 Championnat de France de Supercross. L\u2019\u00e9v\u00e9nement, qui avait r\u00e9uni pr\u00e8s de 10\u00a0000 spectateurs en 2024, propose cette ann\u00e9e encore un programme centr\u00e9 sur les finales des cat\u00e9gories SX1 (450 CC), SX2 (250 CC) et Junior, accompagn\u00e9es de s\u00e9quences de Freestyle Motocross (FMX) et d\u2019animations survolt\u00e9es.<\/p>\n<p>  Le top des pilotes<\/p>\n<p>En SX1, Maxime Desprey, actuellement dans le haut du classement national, sera l\u2019un des pilotes les plus observ\u00e9s. En SX2, Mathys Boisram\u00e9, engag\u00e9 cette saison sur plusieurs circuits internationaux, tentera de confirmer sa dynamique. La cat\u00e9gorie Junior sera port\u00e9e par la progression de Yannis Lopez, 17 ans, en t\u00eate du classement provisoire et en qu\u00eate d\u2019une victoire qui lui ouvrirait les portes d\u2019un voyage sur les grandes courses am\u00e9ricaines.<\/p>\n<p><a href=\"https:\/\/www.leprogres.fr\/sortir\/2014\/11\/22\/supercross-de-lyon-gerland-chavire-dans-la-folie\" target=\"_blank\" rel=\"noopener\">Les formats de courses resteront ceux du SX Tour<\/a> \u00a0: demi-finales, rep\u00eachages, puis finales de neuf minutes plus un tour, permettant au public de suivre la progression des pilotes tout au long de la soir\u00e9e.<\/p>\n<p>  Pom-Pom girls, show son et lumi\u00e8re, backflips, 360\u00b0<\/p>\n<p>En parall\u00e8le des courses, le Supercross de Lyon mettra en avant un volet spectaculaire avec la pr\u00e9sence de plusieurs figures du Freestyle Motocross mondial (FMX). Luc Ackermann, Petr Pilat, Jos\u00e9 Mincha et David Rinaldo interviendront \u00e0 diff\u00e9rents moments du programme pour encha\u00eener backflips, 360\u00b0, sauts engag\u00e9s et figures a\u00e9riennes. Pom-pom girls, show son et lumi\u00e8re impressionnant, une ambiance digne des plus grands shows d\u2019outre-Atlantique.<\/p>\n<p>Avec 57 pilotes engag\u00e9s, une piste indoor sp\u00e9cialement am\u00e9nag\u00e9e et la pr\u00e9sence de riders FMX reconnus \u00e0 l\u2019international, le Supercross de Lyon propose une combinaison de sport, de spectacle et d\u2019animations accessible \u00e0 un large public, qu\u2019il s\u2019agisse d\u2019amateurs de moto, de curieux ou de familles souhaitant d\u00e9couvrir cette discipline indoor. Il reste encore des places.<\/p>\n<p class=\"note\">Palais des Sports \u2013 Lyon Gerland vendredi\u00a021 et samedi 22\u00a0novembre 2025, ouverture des portes 19 heures et d\u00e9but du show 20 heures, billetterie et informations compl\u00e9mentaires\u00a0: supercross-lyon.com place \u00e0 partir de 59\u00a0euros (placement libre) vendredi ou samedi, 40\u00a0euros enfants et 55 pour les licenci\u00e9s.<\/p>\n","protected":false},"excerpt":{"rendered":"Le Palais des Sports de Lyon accueillera \u00e0 nouveau le Supercross de Lyon ces 21 et 22\u00a0novembre 2025,&hellip;\n","protected":false},"author":2,"featured_media":544870,"comment_status":"","ping_status":"","sticky":false,"template":"","format":"standard","meta":{"footnotes":""},"categories":[1889],"tags":[1111,11,1976,2430,1687,2757,1777,674,1011,27,2428,2756,12,25,3140,517],"class_list":{"0":"post-544869","1":"post","2":"type-post","3":"status-publish","4":"format-standard","5":"has-post-thumbnail","7":"category-lyon","8":"tag-actu","9":"tag-actualites","10":"tag-auto-moto","11":"tag-auvergne-rhone-alpes","12":"tag-culture-loisirs","13":"tag-edition-lyon-villeurbanne","14":"tag-eu","15":"tag-europe","16":"tag-fr","17":"tag-france","18":"tag-lyon","19":"tag-lyon-bassin","20":"tag-news","21":"tag-republique-francaise","22":"tag-spectacle","23":"tag-sport"},"share_on_mastodon":{"url":"https:\/\/pubeurope.com\/@fr\/115576874133210244","error":""},"_links":{"self":[{"href":"https:\/\/www.europesays.com\/fr\/wp-json\/wp\/v2\/posts\/544869","targetHints":{"allow":["GET"]}}],"collection":[{"href":"https:\/\/www.europesays.com\/fr\/wp-json\/wp\/v2\/posts"}],"about":[{"href":"https:\/\/www.europesays.com\/fr\/wp-json\/wp\/v2\/types\/post"}],"author":[{"embeddable":true,"href":"https:\/\/www.europesays.com\/fr\/wp-json\/wp\/v2\/users\/2"}],"replies":[{"embeddable":true,"href":"https:\/\/www.europesays.com\/fr\/wp-json\/wp\/v2\/comments?post=544869"}],"version-history":[{"count":0,"href":"https:\/\/www.europesays.com\/fr\/wp-json\/wp\/v2\/posts\/544869\/revisions"}],"wp:featuredmedia":[{"embeddable":true,"href":"https:\/\/www.europesays.com\/fr\/wp-json\/wp\/v2\/media\/544870"}],"wp:attachment":[{"href":"https:\/\/www.europesays.com\/fr\/wp-json\/wp\/v2\/media?parent=544869"}],"wp:term":[{"taxonomy":"category","embeddable":true,"href":"https:\/\/www.europesays.com\/fr\/wp-json\/wp\/v2\/categories?post=544869"},{"taxonomy":"post_tag","embeddable":true,"href":"https:\/\/www.europesays.com\/fr\/wp-json\/wp\/v2\/tags?post=544869"}],"curies":[{"name":"wp","href":"https:\/\/api.w.org\/{rel}","templated":true}]}}