{"id":544875,"date":"2025-11-19T14:41:13","date_gmt":"2025-11-19T14:41:13","guid":{"rendered":"https:\/\/www.europesays.com\/fr\/544875\/"},"modified":"2025-11-19T14:41:13","modified_gmt":"2025-11-19T14:41:13","slug":"paul-belmondo-pousse-un-coup-de-gueule-contre-la-mairie-de-paris-et-hidalgo","status":"publish","type":"post","link":"https:\/\/www.europesays.com\/fr\/544875\/","title":{"rendered":"Paul Belmondo pousse un coup de gueule contre \u00ab la Mairie de Paris \u00bb et \u00ab Hidalgo \u00bb"},"content":{"rendered":"<p class=\"mb-4 text-lg md:leading-8 break-words\"><strong>ronchon &#8211; Le fils de Jean-Paul Belmondo n\u2019aime pas le prix du stationnement dans la capitale<\/strong><\/p>\n<p class=\"mb-4 text-lg md:leading-8 break-words\">Paul Belmondo n\u2019est pas pr\u00e8s d\u2019oublier sa derni\u00e8re visite \u00e0 Paris. L\u2019<a href=\"https:\/\/www.20minutes.fr\/arts-stars\/people\/4154509-20250520-paul-belmondo-rancune-tenace-apres-divorce-luana-belmondo?at_medium=RSS%20feed&amp;at_campaign=ynews&amp;utm_source=yahoo&amp;utm_medium=rss&amp;utm_campaign=news_feed&amp;utm_content=in_article_link\" rel=\"nofollow noopener\" target=\"_blank\" data-ylk=\"slk:ex-mari de Luana Belmondo;elm:context_link;itc:0;sec:content-canvas\" class=\"link \">ex-mari de Luana Belmondo<\/a> a post\u00e9 hier sur Instagram <a href=\"https:\/\/www.instagram.com\/p\/DRM-D51DL7I\/?at_medium=RSS%20feed&amp;at_campaign=ynews&amp;utm_source=yahoo&amp;utm_medium=rss&amp;utm_campaign=news_feed&amp;utm_content=in_article_link\" rel=\"nofollow noopener\" target=\"_blank\" data-ylk=\"slk:une vid\u00e9o;elm:context_link;itc:0;sec:content-canvas\" class=\"link \">une vid\u00e9o<\/a> o\u00f9 il laisse \u00e9chapper son amertume face \u00e0 la somme qu\u2019il venait de d\u00e9bourser pour stationner dans la capitale. Dot\u00e9 d\u2019un \u00ab v\u00e9hicule \u00e9lectrique \u00bb entrant dans la cat\u00e9gorie \u00ab l\u00e9ger \u00bb, Paul Belmondo ne s\u2019attendait pas \u00e0 un tel montant.<\/p>\n<p class=\"mb-4 text-lg md:leading-8 break-words\">C\u2019est pourquoi le coureur automobile a adress\u00e9 un \u00ab petit message pour la Mairie de Paris \u00bb.<\/p>\n<p class=\"mb-4 text-lg md:leading-8 break-words\">\u00ab Merci hein, c\u2019est g\u00e9nial, j\u2019ai achet\u00e9 un v\u00e9hicule \u00e9lectrique, c\u2019est super ! Une R5, vous savez, une petite voiture. Elle p\u00e8se 1 tonne 950 \u00bb, a-t-il commenc\u00e9 avec un grand sourire trahissant son m\u00e9contentement. \u00ab Je viens de payer le stationnement : 12,50 euros de l\u2019heure \u00bb.<\/p>\n<p>Prix \u00e9lev\u00e9s<\/p>\n<p class=\"mb-4 text-lg md:leading-8 break-words\">Le fils de <a href=\"https:\/\/www.20minutes.fr\/arts-stars\/cinema\/3117459-20210906-mort-jean-paul-belmondo-nouvelle-vague-cinema-populaire-monstre-sacre-multiples-facettes?at_medium=RSS%20feed&amp;at_campaign=ynews&amp;utm_source=yahoo&amp;utm_medium=rss&amp;utm_campaign=news_feed&amp;utm_content=in_article_link\" rel=\"nofollow noopener\" target=\"_blank\" data-ylk=\"slk:Jean-Paul Belmondo;elm:context_link;itc:0;sec:content-canvas\" class=\"link \">Jean-Paul Belmondo<\/a> n\u2019a alors pas pu retenir un petit rire sarcastique. \u00ab Ah je vous remercie, \u00e7a me fait mal au cul, mais merci et vive la Mairie de Paris, continuez (Anne) Hidalgo \u00bb, a-t-il ajout\u00e9, en faisait r\u00e9f\u00e9rence \u00e0 la maire de Paris, alors que <a href=\"https:\/\/www.20minutes.fr\/paris\/4179011-20251013-paris-conseil-etat-met-fin-procedure-portant-notes-frais-anne-hidalgo?at_medium=RSS%20feed&amp;at_campaign=ynews&amp;utm_source=yahoo&amp;utm_medium=rss&amp;utm_campaign=news_feed&amp;utm_content=in_article_link\" rel=\"nofollow noopener\" target=\"_blank\" data-ylk=\"slk:les prochaines \u00e9lections municipales;elm:context_link;itc:0;sec:content-canvas\" class=\"link \">les prochaines \u00e9lections municipales<\/a> se profilent.<\/p>\n<p class=\"mb-4 text-lg md:leading-8 break-words\">Dans les commentaires, les internautes se sont r\u00e9volt\u00e9s eux aussi des prix de stationnement dans la capitale, trouvant les montants \u00ab honteux \u00bb. \u00ab C\u2019est un vol organis\u00e9 \u00bb, a d\u00e9nonc\u00e9 l\u2019un d\u2019entre eux, tandis que d\u2019autres ont pr\u00e9conis\u00e9 l\u2019utilisation des transports en commun au lieu d\u2019une voiture.<\/p>\n<p class=\"mb-4 text-lg md:leading-8 break-words\">Paul Belmondo, comme de nombreux automobilistes dans la capitale, risquait une amende pouvant aller jusqu\u2019\u00e0 75 euros sans le r\u00e8glement de son st(&#8230;)<\/p>\n<p class=\"mb-4 text-lg md:leading-8 break-words\"><a href=\"https:\/\/www.20minutes.fr\/arts-stars\/people\/4186584-20251119-paul-belmondo-pousse-coup-gueule-contre-mairie-paris-hidalgo?at_medium=RSS%20feed&amp;at_campaign=ynews&amp;utm_source=yahoo&amp;utm_medium=rss&amp;utm_campaign=news_feed&amp;utm_content=read_more_link&quot;\" rel=\"nofollow noopener\" target=\"_blank\" data-ylk=\"slk:Lire la suite sur 20minutes;elm:context_link;itc:0;sec:content-canvas\" class=\"link \">Lire la suite sur 20minutes<\/a><\/p>\n<p>\u00c0 lire aussi :<br \/><a href=\"https:\/\/www.20minutes.fr\/paris\/4178016-20251008-frais-mandat-vive-passe-armes-entre-anne-hidalgo-rachida-dati-conseil-paris?at_medium=RSS%20feed&amp;at_campaign=ynews&amp;utm_source=yahoo&amp;utm_medium=rss&amp;utm_campaign=news_feed&amp;utm_content=related_content_link\" rel=\"nofollow noopener\" target=\"_blank\" data-ylk=\"slk:Frais de mandat : Vive passe d\u2019armes entre Anne Hidalgo et Rachida Dati au Conseil de Paris;elm:context_link;itc:0;sec:content-canvas\" class=\"link \">Frais de mandat : Vive passe d\u2019armes entre Anne Hidalgo et Rachida Dati au Conseil de Paris<\/a><\/p>\n<p><script async src=\"\/\/www.instagram.com\/embed.js\"><\/script><\/p>\n","protected":false},"excerpt":{"rendered":"ronchon &#8211; Le fils de Jean-Paul Belmondo n\u2019aime pas le prix du stationnement dans la capitale Paul Belmondo&hellip;\n","protected":false},"author":2,"featured_media":544876,"comment_status":"","ping_status":"","sticky":false,"template":"","format":"standard","meta":{"footnotes":""},"categories":[1888],"tags":[1111,1928,11,1927,1777,674,1011,27,12011,24532,4909,12258,2381,12,1926,626,1925,23632,25,5823],"class_list":{"0":"post-544875","1":"post","2":"type-post","3":"status-publish","4":"format-standard","5":"has-post-thumbnail","7":"category-paris","8":"tag-actu","9":"tag-actu-paris","10":"tag-actualites","11":"tag-actualites-paris","12":"tag-eu","13":"tag-europe","14":"tag-fr","15":"tag-france","16":"tag-hidalgo","17":"tag-jean-paul-belmondo","18":"tag-la-capitale","19":"tag-maire-de-paris","20":"tag-mairie-de-paris","21":"tag-news","22":"tag-news-paris","23":"tag-paris","24":"tag-paris-news","25":"tag-paul-belmondo","26":"tag-republique-francaise","27":"tag-vehicule-electrique"},"share_on_mastodon":{"url":"https:\/\/pubeurope.com\/@fr\/115576890104954787","error":""},"_links":{"self":[{"href":"https:\/\/www.europesays.com\/fr\/wp-json\/wp\/v2\/posts\/544875","targetHints":{"allow":["GET"]}}],"collection":[{"href":"https:\/\/www.europesays.com\/fr\/wp-json\/wp\/v2\/posts"}],"about":[{"href":"https:\/\/www.europesays.com\/fr\/wp-json\/wp\/v2\/types\/post"}],"author":[{"embeddable":true,"href":"https:\/\/www.europesays.com\/fr\/wp-json\/wp\/v2\/users\/2"}],"replies":[{"embeddable":true,"href":"https:\/\/www.europesays.com\/fr\/wp-json\/wp\/v2\/comments?post=544875"}],"version-history":[{"count":0,"href":"https:\/\/www.europesays.com\/fr\/wp-json\/wp\/v2\/posts\/544875\/revisions"}],"wp:featuredmedia":[{"embeddable":true,"href":"https:\/\/www.europesays.com\/fr\/wp-json\/wp\/v2\/media\/544876"}],"wp:attachment":[{"href":"https:\/\/www.europesays.com\/fr\/wp-json\/wp\/v2\/media?parent=544875"}],"wp:term":[{"taxonomy":"category","embeddable":true,"href":"https:\/\/www.europesays.com\/fr\/wp-json\/wp\/v2\/categories?post=544875"},{"taxonomy":"post_tag","embeddable":true,"href":"https:\/\/www.europesays.com\/fr\/wp-json\/wp\/v2\/tags?post=544875"}],"curies":[{"name":"wp","href":"https:\/\/api.w.org\/{rel}","templated":true}]}}