{"id":544877,"date":"2025-11-19T14:42:13","date_gmt":"2025-11-19T14:42:13","guid":{"rendered":"https:\/\/www.europesays.com\/fr\/544877\/"},"modified":"2025-11-19T14:42:13","modified_gmt":"2025-11-19T14:42:13","slug":"paris-un-tramway-deraille-et-fonce-dans-un-bus-apres-avoir-glisse-sur-des-feuilles-mortes","status":"publish","type":"post","link":"https:\/\/www.europesays.com\/fr\/544877\/","title":{"rendered":"Paris\u00a0: un tramway d\u00e9raille et fonce dans un bus apr\u00e8s avoir gliss\u00e9 sur des feuilles mortes"},"content":{"rendered":"<p class=\"paragraph text_align_left lp-f-body-02\">Les images sont impressionnantes. Dimanche 16 novembre en fin d\u2019apr\u00e8s-midi, un <a href=\"https:\/\/www.leparisien.fr\/info-paris-ile-de-france-oise\/transports\/\" target=\"_blank\" rel=\"noreferrer noopener\">tramway<\/a> de la ligne T3a g\u00eet hors des rails, sa cabine de conduite largement endommag\u00e9e \u00e0 quelques m\u00e8tres d\u2019un bus de la ligne 27, dont la carrosserie et la vitre arri\u00e8re portent les stigmates d\u2019un choc violent.<\/p>\n<p class=\"paragraph text_align_left lp-f-body-02\">La sc\u00e8ne s\u2019est d\u00e9roul\u00e9e \u00e0 un carrefour entre les stations Porte d\u2019Ivry et Maryse Basti\u00e9, dans le <a href=\"https:\/\/www.leparisien.fr\/paris-75\/paris-75013\/\" target=\"_blank\" rel=\"noreferrer noopener\">XIIIe arrondissement de Paris<\/a>, confirme le <a href=\"https:\/\/www.leparisien.fr\/info-paris-ile-de-france-oise\/transports\/ratp\/\" target=\"_blank\" rel=\"noreferrer noopener\">RATP<\/a>. En cause : une accumulation de <a href=\"https:\/\/www.leparisien.fr\/jardin\/jardinage-pratique\/potager\/les-feuilles-mortes-ne-doivent-surtout-pas-etre-jetees-cet-automne-2QBLRY46AJDSFDSMOEULWH7MA4.php\" target=\"_blank\" rel=\"noreferrer noopener\">feuilles mortes<\/a> qui aurait fait perdre toute adh\u00e9rence au tramway.<\/p>\n<p>Pas de bless\u00e9s \u00e0 d\u00e9plorer<\/p>\n<p class=\"paragraph text_align_left lp-f-body-02\">Selon les premiers \u00e9l\u00e9ments communiqu\u00e9s par la RATP, l\u2019accident s\u2019est produit vers 18h15. Le tramway, en descente, aurait gliss\u00e9 sur un tapis de feuilles mortes, provoquant <a href=\"https:\/\/www.leparisien.fr\/info-paris-ile-de-france-oise\/transports\/tramway-t9-encore-une-collision-dans-le-val-de-marne-mais-une-accidentologie-inferieure-a-la-moyenne-nationale-04-11-2024-F6OSDLTR2BHMRONCBAQTVFQTGI.php\" target=\"_blank\" rel=\"noreferrer noopener\">un d\u00e9raillement<\/a> partiel au niveau de la cabine du conducteur.<\/p>\n<blockquote class=\"twitter-tweet\">\n<p lang=\"fr\" dir=\"ltr\">Important incident \u00e0 Porte d\u2019Ivry : un tramway du T3A a d\u00e9raill\u00e9 apr\u00e8s avoir gliss\u00e9 sur une accumulation de feuilles mortes en descente, percutant l\u2019arri\u00e8re d\u2019un bus de la ligne 27. Circulation totalement interrompue, Heureusement, aucun bless\u00e9 malgr\u00e9 la violence du choc.<a href=\"https:\/\/twitter.com\/hashtag\/RATP?src=hash&amp;ref_src=twsrc%5Etfw\" target=\"_blank\" rel=\"noopener\">#RATP<\/a> <a href=\"https:\/\/t.co\/6aJ3CmZCoA\">pic.twitter.com\/6aJ3CmZCoA<\/a><\/p>\n<p>\u2014 Ahmed Berrahal (@berrahalAhmed93) <a href=\"https:\/\/twitter.com\/berrahalAhmed93\/status\/1990746657332605159?ref_src=twsrc%5Etfw\" target=\"_blank\" rel=\"noopener\">November 18, 2025<\/a><\/p><\/blockquote>\n<p class=\"paragraph text_align_left lp-f-body-02\">Hors de contr\u00f4le, le train a alors percut\u00e9 l\u2019arri\u00e8re du bus 27 qui finissait de traverser les rails \u00e0 ce moment-l\u00e0. Malgr\u00e9 la violence de l\u2019impact, aucun bless\u00e9 n\u2019est \u00e0 d\u00e9plorer, indique le groupe ferroviaire. Les voyageurs pr\u00e9sents dans les deux v\u00e9hicules ont imm\u00e9diatement \u00e9t\u00e9 pris en charge par les conducteurs respectifs du bus et du tramway.<\/p>\n<p class=\"paragraph text_align_left lp-f-body-02\">Les deux agents ont \u00e9t\u00e9 soumis \u00e0 des tests d\u2019alcool\u00e9mie et de stup\u00e9fiants, dont les r\u00e9sultats se sont r\u00e9v\u00e9l\u00e9s n\u00e9gatifs. Ils ont ensuite \u00e9t\u00e9 pris en charge par leur encadrement, selon la r\u00e9gie des transports parisiens.<\/p>\n<p>Trois heures d\u2019interruption<\/p>\n<p class=\"paragraph text_align_left lp-f-body-02\">Les cons\u00e9quences sur le trafic ont \u00e9t\u00e9 imm\u00e9diates. La circulation du T3a a \u00e9t\u00e9 totalement interrompue entre les stations Porte d\u2019Italie et Porte de Charenton de 18h17 \u00e0 21h57, soit pr\u00e8s de trois heures et demie. Des bus de substitution ont \u00e9t\u00e9 d\u00e9ploy\u00e9s sur le tron\u00e7on impact\u00e9 pour permettre aux usagers de poursuivre leur trajet. Les \u00e9quipes de maintenance ont \u00e9t\u00e9 mobilis\u00e9es pour remettre le tramway sur les rails et r\u00e9tablir la circulation \u00ab dans les meilleurs d\u00e9lais et en toute s\u00e9curit\u00e9 \u00bb, pr\u00e9cise la RATP.<\/p>\n<p class=\"paragraph text_align_left lp-f-body-02\">L\u2019incident a suscit\u00e9 la col\u00e8re d\u2019Ahmed Berrahal, repr\u00e9sentant syndical de la RATP, qui a publi\u00e9 les images de l\u2019accident sur le r\u00e9seau social X. \u00ab Feuilles mortes signal\u00e9es, alertes r\u00e9p\u00e9t\u00e9es\u2026 Z\u00e9ro action de la RATP. Et apr\u00e8s un d\u00e9raillement, on fait semblant de d\u00e9couvrir le probl\u00e8me ? Les coll\u00e8gues avaient pr\u00e9venu, personne n\u2019a boug\u00e9 \u00bb, d\u00e9nonce-t-il dans une seconde publication.<\/p>\n<p class=\"paragraph text_align_left lp-f-body-02\">De son c\u00f4t\u00e9, la RATP affirme avoir \u00ab diligent\u00e9 une enqu\u00eate interne pour comprendre les circonstances exactes de cet accident \u00bb et pr\u00e9sente ses excuses \u00ab pour la g\u00eane occasionn\u00e9e \u00bb.<\/p>\n<p class=\"paragraph text_align_left lp-f-body-02\">Si le ph\u00e9nom\u00e8ne peut pr\u00eater \u00e0 sourire, chaque automne, les exploitants de tramways doivent faire face \u00e0 ce d\u00e9fi saisonnier qui n\u00e9cessite un entretien renforc\u00e9 des voies et une vigilance accrue des conducteurs. Gorg\u00e9es d\u2019humidit\u00e9, les feuilles se transforment rapidement en une \u00ab p\u00e2te v\u00e9g\u00e9tale \u00bb qui r\u00e9duit consid\u00e9rablement l\u2019adh\u00e9rence entre les roues et les rails. R\u00e9sultat : des patinages \u00e0 l\u2019acc\u00e9l\u00e9ration et surtout des distances de freinage rallong\u00e9es, potentiellement dangereuses.<\/p>\n<p><script async src=\"https:\/\/platform.twitter.com\/widgets.js\" charset=\"utf-8\"><\/script><\/p>\n","protected":false},"excerpt":{"rendered":"Les images sont impressionnantes. Dimanche 16 novembre en fin d\u2019apr\u00e8s-midi, un tramway de la ligne T3a g\u00eet hors&hellip;\n","protected":false},"author":2,"featured_media":544878,"comment_status":"","ping_status":"","sticky":false,"template":"","format":"standard","meta":{"footnotes":""},"categories":[1888],"tags":[11,1777,674,118,1011,27,1944,12,626,25,2382],"class_list":{"0":"post-544877","1":"post","2":"type-post","3":"status-publish","4":"format-standard","5":"has-post-thumbnail","7":"category-paris","8":"tag-actualites","9":"tag-eu","10":"tag-europe","11":"tag-faits-divers","12":"tag-fr","13":"tag-france","14":"tag-ma-ville","15":"tag-news","16":"tag-paris","17":"tag-republique-francaise","18":"tag-transport-idf-oise"},"share_on_mastodon":{"url":"https:\/\/pubeurope.com\/@fr\/115576893974266568","error":""},"_links":{"self":[{"href":"https:\/\/www.europesays.com\/fr\/wp-json\/wp\/v2\/posts\/544877","targetHints":{"allow":["GET"]}}],"collection":[{"href":"https:\/\/www.europesays.com\/fr\/wp-json\/wp\/v2\/posts"}],"about":[{"href":"https:\/\/www.europesays.com\/fr\/wp-json\/wp\/v2\/types\/post"}],"author":[{"embeddable":true,"href":"https:\/\/www.europesays.com\/fr\/wp-json\/wp\/v2\/users\/2"}],"replies":[{"embeddable":true,"href":"https:\/\/www.europesays.com\/fr\/wp-json\/wp\/v2\/comments?post=544877"}],"version-history":[{"count":0,"href":"https:\/\/www.europesays.com\/fr\/wp-json\/wp\/v2\/posts\/544877\/revisions"}],"wp:featuredmedia":[{"embeddable":true,"href":"https:\/\/www.europesays.com\/fr\/wp-json\/wp\/v2\/media\/544878"}],"wp:attachment":[{"href":"https:\/\/www.europesays.com\/fr\/wp-json\/wp\/v2\/media?parent=544877"}],"wp:term":[{"taxonomy":"category","embeddable":true,"href":"https:\/\/www.europesays.com\/fr\/wp-json\/wp\/v2\/categories?post=544877"},{"taxonomy":"post_tag","embeddable":true,"href":"https:\/\/www.europesays.com\/fr\/wp-json\/wp\/v2\/tags?post=544877"}],"curies":[{"name":"wp","href":"https:\/\/api.w.org\/{rel}","templated":true}]}}