{"id":544879,"date":"2025-11-19T14:43:15","date_gmt":"2025-11-19T14:43:15","guid":{"rendered":"https:\/\/www.europesays.com\/fr\/544879\/"},"modified":"2025-11-19T14:43:15","modified_gmt":"2025-11-19T14:43:15","slug":"agenda-vin-pop-up-store-paix-dieu-a-paris","status":"publish","type":"post","link":"https:\/\/www.europesays.com\/fr\/544879\/","title":{"rendered":"Agenda vin \u2013 Pop-up store Paix Dieu \u00e0 Paris"},"content":{"rendered":"<p>La Brasserie Caulier s&rsquo;installe \u00e0 Paris durant plus d&rsquo;un mois, pour faire conna\u00eetre sa marque phare \u00ab\u00a0Paix Dieu\u00a0\u00bb. Une premi\u00e8re pour une brasserie de taille moyenne, alors que des initiatives similaires ont jusqu&rsquo;ici \u00e9t\u00e9 lanc\u00e9es par les grands acteurs du secteur. Le lieu, install\u00e9 sur deux niveaux, sera d\u00e9di\u00e9 \u00e0 l&rsquo;univers de cette bi\u00e8re belge embl\u00e9matique, avec un espace bar, un espace boutique et une sc\u00e9nographie immersive centr\u00e9e sur l&rsquo;identit\u00e9 visuelle de la marque.<\/p>\n<p>La newsletter vin<\/p>\n<p class=\"period\">Tous les jeudis \u00e0 10h<\/p>\n<p>Recevez toute l\u2019actualit\u00e9 du vin et les conseils d\u00e9gustation de nos experts \u00e0 savourer chaque jeudi.<\/p>\n<p>Merci !<br \/>Votre inscription a bien \u00e9t\u00e9 prise en compte avec l&rsquo;adresse email :<\/p>\n<p>Pour d\u00e9couvrir toutes nos autres newsletters, rendez-vous ici : <a href=\"https:\/\/moncompte.lepoint.fr\/\" title=\"\" rel=\"nofollow noopener\" target=\"_blank\">MonCompte<\/a><\/p>\n<p>En vous inscrivant, vous acceptez les <a href=\"https:\/\/www.lepoint.fr\/html\/cgu\/\" title=\"Conditions g\u00e9n\u00e9rales d&#039;utilisation\" rel=\"nofollow noopener\" target=\"_blank\">conditions g\u00e9n\u00e9rales d\u2019utilisations<\/a> et notre <a href=\"https:\/\/www.lepoint.fr\/html\/politique-de-protection-donnees-personnelles\/\" title=\"Politique de confidentialit\u00e9\" rel=\"nofollow noopener\" target=\"_blank\">politique de confidentialit\u00e9<\/a>.<\/p>\n<p>Entreprise familiale situ\u00e9e \u00e0 P\u00e9ruwelz, dans la province de Hainaut, cette brasserie, fond\u00e9e en 1994, a d&rsquo;abord \u00e9t\u00e9 reconnue comme petite brasserie artisanale avant de prendre une ampleur internationale. Autrefois invent\u00e9e et brass\u00e9e par soir de pleine lune, la Paix Dieu puise son inspiration dans la pratique des s\u0153urs cisterciennes de l&rsquo;abbaye \u00e9ponyme, <a class=\"Link\" href=\"https:\/\/www.lepoint.fr\/vin\/le-prof-en-liberte-biere-ou-vin-qui-est-arrive-le-premier-29-06-2022-2481516_581.php\" title=\"\" data-gtm=\"click:capsule\" data-capsule=\"Lien\" rel=\"nofollow noopener\" target=\"_blank\">fond\u00e9e au XII\u1d49 si\u00e8cle<\/a>. De cette origine monastique, la marque a tir\u00e9 une esth\u00e9tique sombre et \u00e9l\u00e9gante, inspir\u00e9e de la nuit et des corps c\u00e9lestes. Le pop-up store reprendra ces codes \u00e0 travers une sc\u00e9nographie immersive\u00a0: un tunnel \u00e9voquant une vo\u00fbte c\u00e9leste, dont les hublots laissent appara\u00eetre des \u00e9toiles filantes, des anamorphoses en fa\u00e7ade donnant \u00e0 voir les diff\u00e9rentes phases de la Lune, ou encore des effets de \u00ab\u00a0vitraux\u00a0\u00bb qui rappellent l&rsquo;architecture d&rsquo;une cath\u00e9drale. Le mobilier participera \u00e0 cette atmosph\u00e8re avec une ambiance \u00ab\u00a0speakeasy\u00a0\u00bb, bougies et cand\u00e9labres, canap\u00e9s Chesterfield.<\/p>\n<p>Le pop-up proposera trois r\u00e9f\u00e9rences de bi\u00e8re. Les visiteurs pourront d\u00e9couvrir la Paix Dieu Triple, bi\u00e8re de caract\u00e8re (10\u00b0) aux ar\u00f4mes fruit\u00e9s et \u00e9pic\u00e9s\u00a0; la Paix Dieu Nova, plus l\u00e9g\u00e8re (6\u00b0), qui revisite les codes de la Paix Dieu Triple en mettant en avant ses notes d&rsquo;agrumes, et la Paix Dieu C\u00e9leste, une bi\u00e8re issue du vieillissement de la Paix Dieu Triple pendant\u00a011\u00a0mois dans des barriques de Cognac, puis de Paix Dieu Distilled, une eau-de-vie \u00e9labor\u00e9e \u00e0 partir de bi\u00e8re Paix Dieu.<\/p>\n<p>Chaque jour, apr\u00e8s 17\u00a0heures, le lieu \u00e9voluera pour proposer des ateliers autour de la d\u00e9gustation et du service de la bi\u00e8re. Anim\u00e9s par un zythologue (expert en bi\u00e8re, \u00e9galement appel\u00e9 sommelier de la bi\u00e8re ou bi\u00e9rologue), ces ateliers quotidiens permettront de <a class=\"Link\" href=\"https:\/\/www.lepoint.fr\/vin\/on-a-selectionne-35-bieres-a-savourer-cet-ete-12-07-2025-2594224_581.php\" title=\"\" data-gtm=\"click:capsule\" data-capsule=\"Lien\" rel=\"nofollow noopener\" target=\"_blank\">s&rsquo;initier \u00e0 la d\u00e9gustation<\/a>\u00a0et seront compl\u00e9t\u00e9s par des s\u00e9ances d\u00e9di\u00e9es aux sp\u00e9cificit\u00e9s du tirage et du service de la bi\u00e8re.<\/p>\n<p>\n\u00c0 D\u00e9couvrir<br \/>\n<strong class=\"discover-kangourou__line\"><br \/>\n<img decoding=\"async\" class=\"discover-kangourou__img\" src=\"https:\/\/static.lpnt.fr\/static\/img\/kangourou\/kangourou_filled.svg\"\/><br \/>\n<strong class=\"discover-kangourou__txt\"><br \/>\n<strong>Le Kangourou du jour<\/strong><br \/>\n<a href=\"https:\/\/kangourou.lepoint.fr\" title=\"kangourou\" data-gtm-cta=\"kangourou_article\" class=\"discover-kangourou__lnk\" rel=\"nofollow noopener\" target=\"_blank\"><br \/>\nR\u00e9pondre<br \/>\n<\/a><br \/>\n<\/strong><br \/>\n<\/strong>\n<\/p>\n<p>Horaires\u00a0: du lundi au vendredi, de 12\u00a0heures \u00e0 22\u00a0heures et le week-end de 10\u00a0heures \u00e0 22\u00a0heures. (24 et 31\/12, ouverture \u00e0 10\u00a0heures et fermeture \u00e0 17\u00a0heures).<br \/>Adresse\u00a0: 7, rue Sainte-Croix de la Bretonnerie (4e).<br \/>Informations et r\u00e9servation\u00a0: <a class=\"Link\" href=\"https:\/\/www.paixdieubeer.be\/\" target=\"_blank\" title=\"\" data-gtm=\"click:capsule\" data-capsule=\"Lien\" rel=\"nofollow noopener\">www.paixdieubeer.be<\/a><\/p>\n<p>Toute l\u2019actualit\u00e9 \u00e0 1\u20ac le premier mois<\/p>\n<p><a href=\"https:\/\/abo.lepoint.fr\/?provenance=21EDI020098\" class=\"btn\" title=\"S&#039;abonner\" data-gtm=\"click:abo|display:abo\" data-campaign=\"paywall_maison\" rel=\"nofollow noopener\" target=\"_blank\">S&rsquo;abonner<\/a><\/p>\n<p>ou<\/p>\n","protected":false},"excerpt":{"rendered":"La Brasserie Caulier s&rsquo;installe \u00e0 Paris durant plus d&rsquo;un mois, pour faire conna\u00eetre sa marque phare \u00ab\u00a0Paix Dieu\u00a0\u00bb.&hellip;\n","protected":false},"author":2,"featured_media":544880,"comment_status":"","ping_status":"","sticky":false,"template":"","format":"standard","meta":{"footnotes":""},"categories":[1888],"tags":[11,1777,674,1011,27,12,626,25,1662],"class_list":{"0":"post-544879","1":"post","2":"type-post","3":"status-publish","4":"format-standard","5":"has-post-thumbnail","7":"category-paris","8":"tag-actualites","9":"tag-eu","10":"tag-europe","11":"tag-fr","12":"tag-france","13":"tag-news","14":"tag-paris","15":"tag-republique-francaise","16":"tag-vin"},"share_on_mastodon":{"url":"https:\/\/pubeurope.com\/@fr\/115576899215595072","error":""},"_links":{"self":[{"href":"https:\/\/www.europesays.com\/fr\/wp-json\/wp\/v2\/posts\/544879","targetHints":{"allow":["GET"]}}],"collection":[{"href":"https:\/\/www.europesays.com\/fr\/wp-json\/wp\/v2\/posts"}],"about":[{"href":"https:\/\/www.europesays.com\/fr\/wp-json\/wp\/v2\/types\/post"}],"author":[{"embeddable":true,"href":"https:\/\/www.europesays.com\/fr\/wp-json\/wp\/v2\/users\/2"}],"replies":[{"embeddable":true,"href":"https:\/\/www.europesays.com\/fr\/wp-json\/wp\/v2\/comments?post=544879"}],"version-history":[{"count":0,"href":"https:\/\/www.europesays.com\/fr\/wp-json\/wp\/v2\/posts\/544879\/revisions"}],"wp:featuredmedia":[{"embeddable":true,"href":"https:\/\/www.europesays.com\/fr\/wp-json\/wp\/v2\/media\/544880"}],"wp:attachment":[{"href":"https:\/\/www.europesays.com\/fr\/wp-json\/wp\/v2\/media?parent=544879"}],"wp:term":[{"taxonomy":"category","embeddable":true,"href":"https:\/\/www.europesays.com\/fr\/wp-json\/wp\/v2\/categories?post=544879"},{"taxonomy":"post_tag","embeddable":true,"href":"https:\/\/www.europesays.com\/fr\/wp-json\/wp\/v2\/tags?post=544879"}],"curies":[{"name":"wp","href":"https:\/\/api.w.org\/{rel}","templated":true}]}}