{"id":544886,"date":"2025-11-19T14:48:14","date_gmt":"2025-11-19T14:48:14","guid":{"rendered":"https:\/\/www.europesays.com\/fr\/544886\/"},"modified":"2025-11-19T14:48:14","modified_gmt":"2025-11-19T14:48:14","slug":"les-etats-unis-le-royaume-uni-et-laustralie-annoncent-des-sanctions-contre-media-land-hebergeur-base-en-russie-pour-son-role-dans-les-operations-de-rancongiciels","status":"publish","type":"post","link":"https:\/\/www.europesays.com\/fr\/544886\/","title":{"rendered":"Les \u00c9tats-Unis, le Royaume-Uni et l&rsquo;Australie annoncent des sanctions contre Media Land, h\u00e9bergeur bas\u00e9 en Russie, pour son r\u00f4le dans les op\u00e9rations de ran\u00e7ongiciels"},"content":{"rendered":"<p>Les \u00c9tats-Unis, l&rsquo;Australie et le Royaume-Uni ont annonc\u00e9 mercredi l&rsquo;imposition de sanctions coordonn\u00e9es \u00e0 l&rsquo;encontre de Media Land, un fournisseur russe de services d&rsquo;h\u00e9bergement \u00ab\u00a0bulletproof\u00a0\u00bb, en raison de son implication dans le soutien aux op\u00e9rations de ran\u00e7ongiciels.<\/p>\n<p>Le Bureau du contr\u00f4le des avoirs \u00e9trangers (OFAC) du d\u00e9partement du Tr\u00e9sor am\u00e9ricain a \u00e9galement d\u00e9sign\u00e9 trois membres de l&rsquo;\u00e9quipe dirigeante de l&rsquo;entreprise russe ainsi que trois de ses soci\u00e9t\u00e9s soeurs, selon un communiqu\u00e9 du d\u00e9partement du Tr\u00e9sor.<\/p>\n<p>\u00ab\u00a0Ces fournisseurs de services d&rsquo;h\u00e9bergement dits &lsquo;bulletproof&rsquo; comme Media Land offrent aux cybercriminels des services essentiels qui les aident \u00e0 attaquer des entreprises aux \u00c9tats-Unis et dans des pays alli\u00e9s\u00a0\u00bb, a d\u00e9clar\u00e9 John Hurley, sous-secr\u00e9taire au Tr\u00e9sor charg\u00e9 du terrorisme et du renseignement financier.<\/p>\n","protected":false},"excerpt":{"rendered":"Les \u00c9tats-Unis, l&rsquo;Australie et le Royaume-Uni ont annonc\u00e9 mercredi l&rsquo;imposition de sanctions coordonn\u00e9es \u00e0 l&rsquo;encontre de Media Land,&hellip;\n","protected":false},"author":2,"featured_media":544887,"comment_status":"","ping_status":"","sticky":false,"template":"","format":"standard","meta":{"footnotes":""},"categories":[1588],"tags":[11,340,1777,674,12,473,1853,1851,1850,1852],"class_list":{"0":"post-544886","1":"post","2":"type-post","3":"status-publish","4":"format-standard","5":"has-post-thumbnail","7":"category-royaume-uni","8":"tag-actualites","9":"tag-bourse","10":"tag-eu","11":"tag-europe","12":"tag-news","13":"tag-royaume-uni","14":"tag-royaume-uni-de-grande-bretagne-et-dirlande-du-nord","15":"tag-uk","16":"tag-united-kingdom","17":"tag-united-kingdom-of-great-britain-and-northern-ireland"},"share_on_mastodon":{"url":"https:\/\/pubeurope.com\/@fr\/115576917615539286","error":""},"_links":{"self":[{"href":"https:\/\/www.europesays.com\/fr\/wp-json\/wp\/v2\/posts\/544886","targetHints":{"allow":["GET"]}}],"collection":[{"href":"https:\/\/www.europesays.com\/fr\/wp-json\/wp\/v2\/posts"}],"about":[{"href":"https:\/\/www.europesays.com\/fr\/wp-json\/wp\/v2\/types\/post"}],"author":[{"embeddable":true,"href":"https:\/\/www.europesays.com\/fr\/wp-json\/wp\/v2\/users\/2"}],"replies":[{"embeddable":true,"href":"https:\/\/www.europesays.com\/fr\/wp-json\/wp\/v2\/comments?post=544886"}],"version-history":[{"count":0,"href":"https:\/\/www.europesays.com\/fr\/wp-json\/wp\/v2\/posts\/544886\/revisions"}],"wp:featuredmedia":[{"embeddable":true,"href":"https:\/\/www.europesays.com\/fr\/wp-json\/wp\/v2\/media\/544887"}],"wp:attachment":[{"href":"https:\/\/www.europesays.com\/fr\/wp-json\/wp\/v2\/media?parent=544886"}],"wp:term":[{"taxonomy":"category","embeddable":true,"href":"https:\/\/www.europesays.com\/fr\/wp-json\/wp\/v2\/categories?post=544886"},{"taxonomy":"post_tag","embeddable":true,"href":"https:\/\/www.europesays.com\/fr\/wp-json\/wp\/v2\/tags?post=544886"}],"curies":[{"name":"wp","href":"https:\/\/api.w.org\/{rel}","templated":true}]}}