{"id":544888,"date":"2025-11-19T14:49:14","date_gmt":"2025-11-19T14:49:14","guid":{"rendered":"https:\/\/www.europesays.com\/fr\/544888\/"},"modified":"2025-11-19T14:49:14","modified_gmt":"2025-11-19T14:49:14","slug":"les-heritiers-de-bismarck-entretiennent-un-petit-paradis-fiscal-en-pleine-foret","status":"publish","type":"post","link":"https:\/\/www.europesays.com\/fr\/544888\/","title":{"rendered":"Les h\u00e9ritiers de Bismarck entretiennent un petit paradis fiscal en pleine for\u00eat"},"content":{"rendered":"<p>                                                                                       <a href=\"https:\/\/focus.courrierinternational.com\/2025\/11\/19\/0\/0\/2000\/2000\/1280\/0\/60\/0\/09964ca_upload-1-9hbcf85jj9w4-web20251119-allemagne-sachsenwald.png\" data-pswp-width=\"1280\" data-pswp-height=\"1280\" target=\"_blank\" rel=\"noopener\">      <img decoding=\"async\" loading=\"lazy\" onerror=\"this.classList.add(`img--error`)\" src=\"https:\/\/www.europesays.com\/fr\/wp-content\/uploads\/2025\/11\/09964ca_upload-1-9hbcf85jj9w4-web20251119-allemagne-sachsenwald.png\"  width=\"640\" height=\"640\" alt=\"La for\u00eat de Sachsenwald, en Allemagne.\"\/>     <\/a>      La for\u00eat de Sachsenwald, en Allemagne.   COURRIER INTERNATIONAL               <\/p>\n<p>Le Sachsenwald est \u201cidyllique, lors des journ\u00e9es d\u2019automne aur\u00e9ol\u00e9es de tons rouges, or et bruns\u201d, <a class=\"ithalc\" data-ithal=\"lien_externe\" data-ithalc=\"[nav_article]\" target=\"_blank\" href=\"https:\/\/www.welt.de\/politik\/deutschland\/article691644cf3701f19ea8cbdb8b\/sachsenwald-das-erbe-des-eisernen-kanzlers-das-niemand-geschenkt-haben-will.html\" rel=\"noopener\">lit-on sur le site de <strong>Die Welt<\/strong><\/a><strong>. <\/strong>\u201cIci, \u00e0 l\u2019est de Hambourg, la famille de l\u2019ancien chancelier de l\u2019Empire Otto von Bismarck\u00a0poss\u00e8de depuis plus de cent cinquante\u00a0ans la plus grande for\u00eat d\u2019un seul tenant du nord [de l\u2019Allemagne].\u201d<\/p>\n<p>Celui qui est consid\u00e9r\u00e9 par beaucoup comme le p\u00e8re de la nation allemande a re\u00e7u ces terres bois\u00e9es, d\u2019une superficie de 7\u00a0000\u00a0hectares, de la part de l\u2019empereur Guillaume Ier en guise de remerciement pour services rendus \u00e0 la nation. Et gr\u00e2ce \u00e0 \u201cl\u2019un des derniers vestiges [juridiques] de l\u2019Empire allemand (qui a dur\u00e9 de 1871 \u00e0 1918)\u201d, ses descendants ont reconverti une partie de ce bois en petit coin de paradis. Un paradis fiscal, cela s\u2019entend.<\/p>\n<p>Contrairement \u00e0 d\u2019autres propri\u00e9taires terriens, les h\u00e9ritiers de Bismarck b\u00e9n\u00e9ficient d\u2019un statut particulier qui leur permet de contr\u00f4ler le montant de la taxe professionnelle pr\u00e9lev\u00e9e sur leur domaine, et de d\u00e9terminer en partie \u00e0 quoi celle-ci va servir. Un avantage pour la compagnie foresti\u00e8re dirig\u00e9e par Gregor\u00a0von Bismarck.<\/p>\n<p>Et ce n\u2019est pas tout. \u201cIls proposent aux entreprises la location de cabanes isol\u00e9es en guise de pseudo-lieux d\u2019exploitation, transformant ainsi la for\u00eat en une sorte de paradis fiscal, dont les recettes servent notamment \u00e0 la gestion du domaine.\u201d Les montants demand\u00e9s aux soci\u00e9t\u00e9s install\u00e9es sur le domaine sont en effet bien inf\u00e9rieurs \u00e0 ceux dont elles devraient s\u2019acquitter dans le reste du Schleswig-Holstein.<\/p>\n<p>               \u201cDes co\u00fbts consid\u00e9rables\u201d       <\/p>\n<p>D\u2019apr\u00e8s le quotidien conservateur berlinois, ce \u201cmod\u00e8le d\u2019optimisation fiscale attractif\u201d est fortement critiqu\u00e9 depuis que <a class=\"ithalc\" data-ithal=\"lien_externe\" data-ithalc=\"[nav_article]\" target=\"_blank\" href=\"https:\/\/www.youtube.com\/watch?v=ZhWeLNElqxs\" rel=\"noopener\">l\u2019\u00e9mission satirique ZDF Magazin Royale l\u2019a mis au jour<\/a>, \u00e0 la fin de l\u2019ann\u00e9e 2024. Les autorit\u00e9s du Schleswig-Holstein entendent donc mettre fin aux privil\u00e8ges de la famille Bismarck en rattachant la for\u00eat \u00e0 huit communes des environs, sans pour autant exproprier compl\u00e8tement les h\u00e9ritiers du chancelier.<\/p>\n<p>\u201cLe hic, c\u2019est qu\u2019aucune de ces communes ne souhaite h\u00e9riter de cette for\u00eat.\u201d Elles craignent que la division de la for\u00eat ainsi que son entretien n\u2019entra\u00eenent des \u201cco\u00fbts consid\u00e9rables\u201d, et menacent de porter l\u2019affaire en justice. Face \u00e0 ces critiques, les \u00e9lus r\u00e9gionaux du Schleswig-Holstein ont r\u00e9cemment repouss\u00e9 un vote sur le changement de statut du Sachsenwald. \u201cPersonne ne sait si cela aurait plu au \u2018chancelier de fer\u2019.\u201d<\/p>\n","protected":false},"excerpt":{"rendered":"La for\u00eat de Sachsenwald, en Allemagne. COURRIER INTERNATIONAL Le Sachsenwald est \u201cidyllique, lors des journ\u00e9es d\u2019automne aur\u00e9ol\u00e9es de&hellip;\n","protected":false},"author":2,"featured_media":544889,"comment_status":"","ping_status":"","sticky":false,"template":"","format":"standard","meta":{"footnotes":""},"categories":[1587],"tags":[11,672,1804,1805,1803,1777,674,30765,1801,12,1802,1857,2542],"class_list":{"0":"post-544888","1":"post","2":"type-post","3":"status-publish","4":"format-standard","5":"has-post-thumbnail","7":"category-allemagne","8":"tag-actualites","9":"tag-allemagne","10":"tag-bundesrepublik-deutschland","11":"tag-de","12":"tag-deutschland","13":"tag-eu","14":"tag-europe","15":"tag-fiscalitu00e9","16":"tag-germany","17":"tag-news","18":"tag-republique-federale-dallemagne","19":"tag-sociu00e9tu00e9","20":"tag-u00e9conomie"},"share_on_mastodon":{"url":"https:\/\/pubeurope.com\/@fr\/115576922281488356","error":""},"_links":{"self":[{"href":"https:\/\/www.europesays.com\/fr\/wp-json\/wp\/v2\/posts\/544888","targetHints":{"allow":["GET"]}}],"collection":[{"href":"https:\/\/www.europesays.com\/fr\/wp-json\/wp\/v2\/posts"}],"about":[{"href":"https:\/\/www.europesays.com\/fr\/wp-json\/wp\/v2\/types\/post"}],"author":[{"embeddable":true,"href":"https:\/\/www.europesays.com\/fr\/wp-json\/wp\/v2\/users\/2"}],"replies":[{"embeddable":true,"href":"https:\/\/www.europesays.com\/fr\/wp-json\/wp\/v2\/comments?post=544888"}],"version-history":[{"count":0,"href":"https:\/\/www.europesays.com\/fr\/wp-json\/wp\/v2\/posts\/544888\/revisions"}],"wp:featuredmedia":[{"embeddable":true,"href":"https:\/\/www.europesays.com\/fr\/wp-json\/wp\/v2\/media\/544889"}],"wp:attachment":[{"href":"https:\/\/www.europesays.com\/fr\/wp-json\/wp\/v2\/media?parent=544888"}],"wp:term":[{"taxonomy":"category","embeddable":true,"href":"https:\/\/www.europesays.com\/fr\/wp-json\/wp\/v2\/categories?post=544888"},{"taxonomy":"post_tag","embeddable":true,"href":"https:\/\/www.europesays.com\/fr\/wp-json\/wp\/v2\/tags?post=544888"}],"curies":[{"name":"wp","href":"https:\/\/api.w.org\/{rel}","templated":true}]}}