{"id":544890,"date":"2025-11-19T14:50:21","date_gmt":"2025-11-19T14:50:21","guid":{"rendered":"https:\/\/www.europesays.com\/fr\/544890\/"},"modified":"2025-11-19T14:50:21","modified_gmt":"2025-11-19T14:50:21","slug":"une-poignee-dacteurs-captent-lessentiel-des-flux-sur-les-actions-europe","status":"publish","type":"post","link":"https:\/\/www.europesays.com\/fr\/544890\/","title":{"rendered":"Une poign\u00e9e d\u2019acteurs captent l\u2019essentiel des flux sur les actions Europe\u00a0"},"content":{"rendered":"<p>        <img decoding=\"async\" class=\"article-header-img\" src=\"https:\/\/www.europesays.com\/fr\/wp-content\/uploads\/2025\/11\/csm_AdobeStock_175270883_13ac426bac.jpeg\" width=\"980\" height=\"550\" loading=\"lazy\" alt=\"\" \/><\/p>\n<p class=\"meta\">\n<p>        Publi\u00e9 le 19 novembre 2025 \u00e0 15h06<\/p>\n<p class=\"meta\">\n<p>                <strong class=\"author\"><\/p>\n<p>                            <a href=\"https:\/\/fundsmagazine.optionfinance.fr\/recherche.html?tx_solr%5Bfilter%5D%5B0%5D=author%3ACatherine%20Rekik&amp;tx_solr%5Bq%5D=%2A\" rel=\"nofollow noopener\" target=\"_blank\">Catherine Rekik<\/a><\/p>\n<p>                <\/strong><\/p>\n<p>            \u00a0<\/p>\n<p>                    \u00a0Temps de lecture 3 minutes<\/p>\n<p>Le march\u00e9 des fonds actions Europe se distingue par son intensit\u00e9 concurrentielle, avec 612\u00a0soci\u00e9t\u00e9s de gestion actives sur cette th\u00e9matique et 1\u2009909\u00a0fonds r\u00e9f\u00e9renc\u00e9s. Les encours atteignent 713\u00a0Md\u20ac en 2025, contre 575\u00a0Md\u20ac en 2018, t\u00e9moignant du r\u00f4le central des actions europ\u00e9ennes dans les allocations des investisseurs.<\/p>\n<p>    <a id=\"c359254\"\/><\/p>\n<p>Chez Quantalys, les fonds actions Europe s\u2019inscrivent au sein de 65\u00a0cat\u00e9gories actions, dont certaines se d\u00e9marquent par des profils de performance et de risque distincts. \u00ab\u2009La cat\u00e9gorie actions Europe affiche une performance de 30,7\u00a0% sur 3\u00a0ans (\u00e0 mi-novembre), pour un risque de 11,75\u00a0%, illustrant un couple rendement\/volatilit\u00e9 attractif pour une exposition large au march\u00e9 europ\u00e9en\u2009\u00bb, indique Rui Fidalgo, analyste senior chez Quantalys.\u00a0<\/p>\n<p>C\u00f4t\u00e9 flux, la cat\u00e9gorie actions Europe enregistre une collecte particuli\u00e8rement robuste depuis le d\u00e9but de l\u2019ann\u00e9e, de l\u2019ordre de 36\u00a0Md\u20ac, confirmant son positionnement de v\u00e9ritable c\u0153ur de portefeuille. Les actions zone euro affichent \u00e9galement une collecte soutenue de 12\u00a0Md\u20ac, tandis que des segments plus cibl\u00e9s, comme actions zone euro petites\/moyennes capitalisations et actions Europe value, restent en territoire positif, avec respectivement 1 et 2\u00a0Md\u20ac d\u2019euros de flux. \u00ab\u2009A l\u2019inverse, les segments growth et certaines expositions petites\/moyennes capitalisations enregistrent des sorties mod\u00e9r\u00e9es (par exemple \u2212\u00a02\u00a0Md\u20ac pour les actions Europe growth et \u2212\u00a01\u00a0Md\u20ac pour les actions Europe petites\/moyennes capitalisations), traduisant une rotation en faveur des styles plus \u201cvalue\u201d et des approches jug\u00e9es plus r\u00e9silientes\u2009\u00bb.\u00a0<\/p>\n<p>Dans cet univers tr\u00e8s fragment\u00e9, o\u00f9 pr\u00e8s de 2\u2009000\u00a0fonds sont distribu\u00e9s en Europe, les parts de march\u00e9 demeurent concentr\u00e9es entre quelques acteurs majeurs. BlackRock domine la cat\u00e9gorie avec 16,84\u00a0% des encours, suivi d\u2019Amundi (10,14\u00a0%), UBS (5,24\u00a0%), DWS Group (5,22\u00a0%) et Fidelity (3,32\u00a0%). Ensemble, ces soci\u00e9t\u00e9s captent une part significative de l\u2019\u00e9pargne investie sur les actions Europe.<\/p>\n<p>\u00ab\u2009Les fonds actions Europe constituent une brique essentielle pour les investisseurs souhaitant capter le potentiel de cr\u00e9ation de valeur des entreprises europ\u00e9ennes. La diversit\u00e9 des styles disponibles (value, growth, grandes ou petites capitalisations, zone euro ou Europe \u00e9largie) permet d\u2019ajuster finement le profil rendement\/risque des portefeuilles, qu\u2019ils soient orient\u00e9s vers la performance ou davantage vers la prudence\u2009\u00bb, conclut Rui Fidalgo.\u00a0<\/p>\n<p>    <a id=\"c359258\"\/><\/p>\n<p>        <img decoding=\"async\" src=\"https:\/\/www.europesays.com\/fr\/wp-content\/uploads\/2025\/11\/Capture_d_e__cran_2025-11-19_a___14.54.58.png\" width=\"595\" height=\"735\" loading=\"lazy\" alt=\"\" \/><\/p>\n","protected":false},"excerpt":{"rendered":"Publi\u00e9 le 19 novembre 2025 \u00e0 15h06 Catherine Rekik \u00a0 \u00a0Temps de lecture 3 minutes Le march\u00e9 des&hellip;\n","protected":false},"author":2,"featured_media":544891,"comment_status":"","ping_status":"","sticky":false,"template":"","format":"standard","meta":{"footnotes":""},"categories":[1586],"tags":[15033,11,1777,674,1011,27,12,25],"class_list":{"0":"post-544890","1":"post","2":"type-post","3":"status-publish","4":"format-standard","5":"has-post-thumbnail","7":"category-europe","8":"tag-actions","9":"tag-actualites","10":"tag-eu","11":"tag-europe","12":"tag-fr","13":"tag-france","14":"tag-news","15":"tag-republique-francaise"},"share_on_mastodon":{"url":"https:\/\/pubeurope.com\/@fr\/115576925916633254","error":""},"_links":{"self":[{"href":"https:\/\/www.europesays.com\/fr\/wp-json\/wp\/v2\/posts\/544890","targetHints":{"allow":["GET"]}}],"collection":[{"href":"https:\/\/www.europesays.com\/fr\/wp-json\/wp\/v2\/posts"}],"about":[{"href":"https:\/\/www.europesays.com\/fr\/wp-json\/wp\/v2\/types\/post"}],"author":[{"embeddable":true,"href":"https:\/\/www.europesays.com\/fr\/wp-json\/wp\/v2\/users\/2"}],"replies":[{"embeddable":true,"href":"https:\/\/www.europesays.com\/fr\/wp-json\/wp\/v2\/comments?post=544890"}],"version-history":[{"count":0,"href":"https:\/\/www.europesays.com\/fr\/wp-json\/wp\/v2\/posts\/544890\/revisions"}],"wp:featuredmedia":[{"embeddable":true,"href":"https:\/\/www.europesays.com\/fr\/wp-json\/wp\/v2\/media\/544891"}],"wp:attachment":[{"href":"https:\/\/www.europesays.com\/fr\/wp-json\/wp\/v2\/media?parent=544890"}],"wp:term":[{"taxonomy":"category","embeddable":true,"href":"https:\/\/www.europesays.com\/fr\/wp-json\/wp\/v2\/categories?post=544890"},{"taxonomy":"post_tag","embeddable":true,"href":"https:\/\/www.europesays.com\/fr\/wp-json\/wp\/v2\/tags?post=544890"}],"curies":[{"name":"wp","href":"https:\/\/api.w.org\/{rel}","templated":true}]}}