{"id":544892,"date":"2025-11-19T14:51:12","date_gmt":"2025-11-19T14:51:12","guid":{"rendered":"https:\/\/www.europesays.com\/fr\/544892\/"},"modified":"2025-11-19T14:51:12","modified_gmt":"2025-11-19T14:51:12","slug":"directive-sur-le-devoir-de-vigilance-lunion-europeenne-vote-contre-les-droits-humains-et-environnementaux","status":"publish","type":"post","link":"https:\/\/www.europesays.com\/fr\/544892\/","title":{"rendered":"Directive sur le devoir de vigilance : l\u2019Union Europ\u00e9enne vote contre les droits humains et environnementaux"},"content":{"rendered":"<p data-block-key=\"plfcc\">Suite au drame du Rana Plaza qui avait fait plus de 1100 morts en 2013 a \u00e9t\u00e9 adopt\u00e9e en 2017 la loi fran\u00e7aise sur le devoir de vigilance des entreprises sur le respect des droits humains et sociaux de m\u00eame que des conditions environnementales lors de la fabrication des marchandises qu\u2019elles commercent (y compris leurs sous traitants). L\u2019Union europ\u00e9enne a adopt\u00e9 une directive en mars 2024 mettant en place des obligations analogues \u00e0 l\u2019\u00e9chelle de l\u2019Union Europ\u00e9enne. Cette directive obligeait en effet les entreprises dont le chiffre d&rsquo;affaires d\u00e9passe 450 millions d\u2019euros \u00e0 \u00e9laborer un plan de transition permettant l\u2019application de l&rsquo;Accord de Paris et \u00e0 pr\u00e9venir les atteintes aux droits humains et sociaux (travail des enfants, travail forc\u00e9, absence de s\u00e9curit\u00e9 sociale\u2026). Elle pr\u00e9voyait en outre des condamnations \u00e0 des amendes en cas de non-respect de ces r\u00e8gles qui \u00e9taient un d\u00e9but de r\u00e9gulation des \u00e9changes commerciaux mondiaux.<\/p>\n<p data-block-key=\"3k2oq\">Cependant d\u00e8s le mois de f\u00e9vrier de cette ann\u00e9e, suite \u00e0 la pression exerc\u00e9e par les multinationales des \u00e9nergies fossiles dont Total Energies et ExxonMobil et, entre autres, la F\u00e9d\u00e9ration bancaire fran\u00e7aise qui n\u2019ont jamais accept\u00e9 cette r\u00e9glementation, la Commission Europ\u00e9enne a construit une directive dite Omnibus simplifiant et r\u00e9duisant drastiquement le champ d\u2019application de celle sur le devoir de vigilance et ainsi de ses contraintes sociales et \u00e9cologiques. Au point de la vider de l\u2019essentiel de son contenu, tout cela au nom de la \u00ab comp\u00e9titivit\u00e9 \u00bb.<\/p>\n<p data-block-key=\"9b3do\">Par 382 voix contre 249, le Parlement europ\u00e9en a adopt\u00e9 ce texte gr\u00e2ce \u00e0 l\u2019alliance de la droite et de l\u2019extr\u00eame droite. D\u00e9sormais seules les entreprises de plus de 5 000 salari\u00e9\u2219es (1000 auparavant) et 1,5 milliard d\u2019euros de chiffre d\u2019affaires annuel seront concern\u00e9es. De plus, la directive Omnibus supprime l\u2019obligation d\u2019un plan de transition pour ne pas d\u00e9passer la limite de 1,5\u00b0C de r\u00e9chauffement climatique. Elle revient \u00e9galement sur le r\u00e9gime de responsabilit\u00e9 civile europ\u00e9enne et de sanctions mis en place. Dans le m\u00eame mouvement, une directive sur le devoir de reporting socio-environnemental des entreprises a \u00e9t\u00e9 s\u00e9rieusement rabot\u00e9e.<\/p>\n<p data-block-key=\"69cgl\">C\u2019est une lourde d\u00e9faite pour la justice sociale et la plan\u00e8te qu\u2019a inflig\u00e9e le Parlement Europ\u00e9en, refl\u00e9tant le virage tr\u00e8s conservateur et pro business de l&rsquo;Union Europ\u00e9enne. D\u00e9j\u00e0 tr\u00e8s peu sociale, l\u2019Union Europ\u00e9enne saborde ainsi l\u2019un de ses textes les plus progressistes de ses derni\u00e8res ann\u00e9es. N\u2019oublions pas qu\u2019Emmanuel Macron a d\u00e9clar\u00e9 lui-m\u00eame vouloir l\u2019abrogation de cette directive en mars dernier et qu\u2019il n\u2019a jamais vraiment go\u00fbt\u00e9 la l\u00e9gislation fran\u00e7aise qui a fait condamner r\u00e9cemment la Poste. Macron l\u2019a donc propos\u00e9e, l\u2019extr\u00eame droite l\u2019a vot\u00e9e.<\/p>\n<p data-block-key=\"9j32a\"><b>Au moment o\u00f9 se d\u00e9roule la COP 30, l\u2019UE envoie le pire des signaux : l\u2019instabilit\u00e9 de son cadre r\u00e9glementaire de protection des droits humains et environnementaux, en raison de la collusion entre droite et extr\u00eame droite. <\/b> <\/p>\n<p data-block-key=\"f4ih8\"><b>L\u2019Union syndicale Solidaires exige que toute entreprise soit contrainte au respect de l\u2019ensemble des droits humains, sociaux et environnementaux quel que soit le lieu et le fabricant des marchandises dont elle fait ensuite commerce. <\/b> <\/p>\n","protected":false},"excerpt":{"rendered":"Suite au drame du Rana Plaza qui avait fait plus de 1100 morts en 2013 a \u00e9t\u00e9 adopt\u00e9e&hellip;\n","protected":false},"author":2,"featured_media":544893,"comment_status":"","ping_status":"","sticky":false,"template":"","format":"standard","meta":{"footnotes":""},"categories":[1586],"tags":[11,10660,1777,674,1779,1011,27,12768,12771,12,25,12767,12770,11564,12766,1778,364,12769],"class_list":{"0":"post-544892","1":"post","2":"type-post","3":"status-publish","4":"format-standard","5":"has-post-thumbnail","7":"category-europe","8":"tag-actualites","9":"tag-egalite","10":"tag-eu","11":"tag-europe","12":"tag-european-union","13":"tag-fr","14":"tag-france","15":"tag-independance-syndicale","16":"tag-mouvements-sociaux","17":"tag-news","18":"tag-republique-francaise","19":"tag-revendications","20":"tag-solidarite-internationale","21":"tag-syndicat","22":"tag-transformation-sociale","23":"tag-ue","24":"tag-union-europeenne","25":"tag-unite-syndicale"},"share_on_mastodon":{"url":"https:\/\/pubeurope.com\/@fr\/115576929500650308","error":""},"_links":{"self":[{"href":"https:\/\/www.europesays.com\/fr\/wp-json\/wp\/v2\/posts\/544892","targetHints":{"allow":["GET"]}}],"collection":[{"href":"https:\/\/www.europesays.com\/fr\/wp-json\/wp\/v2\/posts"}],"about":[{"href":"https:\/\/www.europesays.com\/fr\/wp-json\/wp\/v2\/types\/post"}],"author":[{"embeddable":true,"href":"https:\/\/www.europesays.com\/fr\/wp-json\/wp\/v2\/users\/2"}],"replies":[{"embeddable":true,"href":"https:\/\/www.europesays.com\/fr\/wp-json\/wp\/v2\/comments?post=544892"}],"version-history":[{"count":0,"href":"https:\/\/www.europesays.com\/fr\/wp-json\/wp\/v2\/posts\/544892\/revisions"}],"wp:featuredmedia":[{"embeddable":true,"href":"https:\/\/www.europesays.com\/fr\/wp-json\/wp\/v2\/media\/544893"}],"wp:attachment":[{"href":"https:\/\/www.europesays.com\/fr\/wp-json\/wp\/v2\/media?parent=544892"}],"wp:term":[{"taxonomy":"category","embeddable":true,"href":"https:\/\/www.europesays.com\/fr\/wp-json\/wp\/v2\/categories?post=544892"},{"taxonomy":"post_tag","embeddable":true,"href":"https:\/\/www.europesays.com\/fr\/wp-json\/wp\/v2\/tags?post=544892"}],"curies":[{"name":"wp","href":"https:\/\/api.w.org\/{rel}","templated":true}]}}