{"id":544900,"date":"2025-11-19T14:57:13","date_gmt":"2025-11-19T14:57:13","guid":{"rendered":"https:\/\/www.europesays.com\/fr\/544900\/"},"modified":"2025-11-19T14:57:13","modified_gmt":"2025-11-19T14:57:13","slug":"top-14-toulon-deux-cadres-absents-de-lentrainement-des-jeunes-appeles-en-renfort-pour-preparer-paris","status":"publish","type":"post","link":"https:\/\/www.europesays.com\/fr\/544900\/","title":{"rendered":"Top 14 &#8211; Toulon : deux cadres absents de l&rsquo;entra\u00eenement, des jeunes appel\u00e9s en renfort pour pr\u00e9parer Paris"},"content":{"rendered":"<p>\n                Priv\u00e9s d&rsquo;une dizaine d&rsquo;internationaux durant cette semaine de doublons, les Varois ont ouvert leur groupe \u00e0 de nombreux espoirs pour la reprise de l&rsquo;entra\u00eenement.\u00a0\n            <\/p>\n<p>Le froid est arriv\u00e9 en France, et Toulon ne fait pas, cette fois, exception \u00e0 la r\u00e8gle. Devant une cinquante de personnes, les prot\u00e9g\u00e9s de Pierre Mignoni ont repris l&rsquo;entra\u00eenement collectif, apr\u00e8s une semaine de rel\u00e2che, en vue du d\u00e9placement au Stade Fran\u00e7ais. Ce choc entre le sixi\u00e8me (Paris) et l&rsquo;actuel deuxi\u00e8me (RCT) cl\u00f4turera la 11e journ\u00e9e de Top 14.\u00a0<\/p>\n<p>Pourvoyeur de plusieurs s\u00e9lections, Toulon effectue sa pr\u00e9paration avec un effectif amoindri : Priso, Gros, Ollivon, Serin, Dr\u00e9an (France), White (\u00c9cosse), Tuicuvu (Fidji),\u00a0Gigashvili, Javakhia (G\u00e9orgie), Garbisi, Brex (Italie) manquent \u00e0 l&rsquo;appel. \u00c0 cette liste, il faut ajouter une infirmerie bien remplie (Ivaldi, Halagahu, Frisch, Tuifua, Rayan Rebbadj, Domon). Pr\u00e9sent aux s\u00e9ances collectives juste avant la tr\u00eave, l&rsquo;ailier Gabin Villi\u00e8re, qui n&rsquo;est pas encore apparu en comp\u00e9tition officielle lors de cet exerccie, a \u00e9t\u00e9 m\u00e9nag\u00e9 ce mercredi matin. Pour rappel, l&rsquo;international fran\u00e7ais avait \u00e9t\u00e9 contraint de se faire op\u00e9rer d&rsquo;un doigt apr\u00e8s la tourn\u00e9e d&rsquo;\u00e9t\u00e9 en Nouvelle-Z\u00e9lande. En parlant de la terre du long nuage blanc, la l\u00e9gende des All Blacks Ma&rsquo;a Nonu n&rsquo;est \u00e9galement pas apparu sur le terrain du RCT Campus. Pour l&rsquo;heure, la raison n&rsquo;est pas encore connue.\u00a0<\/p>\n<p>Au rayon des bonnes nouvelles, Corentin M\u00e9zou est pleinement r\u00e9tabli. Le deuxi\u00e8me ligne, tr\u00e8s en vue la saison pass\u00e9e, souffrait d&rsquo;une luxation d&rsquo;un pouce. Il va f\u00eater sa premi\u00e8re apparition cette saison, et apportera une meilleure rotation en deuxi\u00e8me ligne. Dans la cage, Toulon a longtemps \u00e9volu\u00e9 \u00e0 flux tendu avec les absences de Matthias Halagahu (pied) et de David Ribbans (virus).\u00a0<\/p>\n<p>Une premi\u00e8re feuille pour des jeunes du centre de formation ?<\/p>\n<p>Lors de l&rsquo;opposition, l&rsquo;\u00e9quipe avec les chasubles \u00e9tait tr\u00e8s juv\u00e9nile. G\u00e9n\u00e9ralement, c&rsquo;est celle qui pr\u00e9pare les titulaires du week-end. Plus d&rsquo;une dizaine d&rsquo;espoirs (Sorhaindo, Jean-Christophe, Zingone, Newton, Bonneau&#8230;) ont \u00e9t\u00e9 appel\u00e9s en renfort par Pierre Mignoni. Parmi eux, les jeunes ailiers Mat\u00e9o Gracieux (20 ans) et Barnab\u00e9 Mechentel (20 ans) ont fait la navette avec e XV de d\u00e9part. Ils n&rsquo;ont pas encore fait un seul match avec les professionnels.<\/p>\n<p>Lors des derni\u00e8res semaines, ils\u00a0\u00e9taient sortis de la feuille de match en raison du retour en club de\u00a0Ga\u00ebl Dr\u00e9an. Le joueur pass\u00e9 par Rennes pourrait \u00eatre, une nouvelle fois, le seul membre rel\u00e2ch\u00e9 par le XV de France. Gabin Villi\u00e8re et Ma&rsquo;a Nonu ne sont pas encore\u00a0forfaits et pourraient aussi r\u00e9cup\u00e9rer dans le groupe. Comme \u00e0 chaque fois, lors de ces p\u00e9riodes, les choix sont act\u00e9s en fin de semaine.\u00a0<\/p>\n<p>Les Rouge et Noir ont tout de m\u00eame\u00a0quelques certitudes. \u00c0 la charni\u00e8re, ils devront uniquement faire\u00a0avec Clovis Le Bail et Mat\u00e9o Garcia. Pour les solutions de repli, Pierre Mignoni et son staff compteront sur la polyvalence de Mathis Fert\u00e9 \u00e0 la m\u00eal\u00e9e. Pour l&rsquo;ouverture,\u00a0Sinzelle ou Jaminet joueront au cas o\u00f9 les pompiers de service.\u00a0<\/p>\n","protected":false},"excerpt":{"rendered":"Priv\u00e9s d&rsquo;une dizaine d&rsquo;internationaux durant cette semaine de doublons, les Varois ont ouvert leur groupe \u00e0 de nombreux&hellip;\n","protected":false},"author":2,"featured_media":544901,"comment_status":"","ping_status":"","sticky":false,"template":"","format":"standard","meta":{"footnotes":""},"categories":[1416],"tags":[1011,27,479,1468,60],"class_list":{"0":"post-544900","1":"post","2":"type-post","3":"status-publish","4":"format-standard","5":"has-post-thumbnail","7":"category-rugby","8":"tag-fr","9":"tag-france","10":"tag-rugby","11":"tag-rugby-football","12":"tag-sports"},"share_on_mastodon":{"url":"https:\/\/pubeurope.com\/@fr\/115576952845509153","error":""},"_links":{"self":[{"href":"https:\/\/www.europesays.com\/fr\/wp-json\/wp\/v2\/posts\/544900","targetHints":{"allow":["GET"]}}],"collection":[{"href":"https:\/\/www.europesays.com\/fr\/wp-json\/wp\/v2\/posts"}],"about":[{"href":"https:\/\/www.europesays.com\/fr\/wp-json\/wp\/v2\/types\/post"}],"author":[{"embeddable":true,"href":"https:\/\/www.europesays.com\/fr\/wp-json\/wp\/v2\/users\/2"}],"replies":[{"embeddable":true,"href":"https:\/\/www.europesays.com\/fr\/wp-json\/wp\/v2\/comments?post=544900"}],"version-history":[{"count":0,"href":"https:\/\/www.europesays.com\/fr\/wp-json\/wp\/v2\/posts\/544900\/revisions"}],"wp:featuredmedia":[{"embeddable":true,"href":"https:\/\/www.europesays.com\/fr\/wp-json\/wp\/v2\/media\/544901"}],"wp:attachment":[{"href":"https:\/\/www.europesays.com\/fr\/wp-json\/wp\/v2\/media?parent=544900"}],"wp:term":[{"taxonomy":"category","embeddable":true,"href":"https:\/\/www.europesays.com\/fr\/wp-json\/wp\/v2\/categories?post=544900"},{"taxonomy":"post_tag","embeddable":true,"href":"https:\/\/www.europesays.com\/fr\/wp-json\/wp\/v2\/tags?post=544900"}],"curies":[{"name":"wp","href":"https:\/\/api.w.org\/{rel}","templated":true}]}}