{"id":544904,"date":"2025-11-19T15:02:12","date_gmt":"2025-11-19T15:02:12","guid":{"rendered":"https:\/\/www.europesays.com\/fr\/544904\/"},"modified":"2025-11-19T15:02:12","modified_gmt":"2025-11-19T15:02:12","slug":"un-an-de-plus-pour-maxime-decomble-actualite","status":"publish","type":"post","link":"https:\/\/www.europesays.com\/fr\/544904\/","title":{"rendered":"Un an de plus pour Maxime Decomble &#8211; Actualit\u00e9"},"content":{"rendered":"<p style=\"text-align: justify;\"><strong><a href=\"https:\/\/www.directvelo.com\/coureur\/46176\/maxime-decomble\" target=\"_blank\" rel=\"noopener\">Maxime Decomble<\/a><\/strong>\u00a0a prolong\u00e9 d&rsquo;une saison suppl\u00e9mentaire son contrat avec la Groupama-FDJ. Le Proven\u00e7al, qui va int\u00e9grer la WorldTeam fran\u00e7aise le 1er janvier prochain, se retrouve ainsi li\u00e9 jusqu&rsquo;\u00e0 fin 2028 avec la Groupama-FDJ.<\/p>\n<p>\u00ab\u00a0Ce contrat jusqu&rsquo;en 2028 est un signe de confiance de l\u2019\u00e9quipe qui souhaite me voir \u00e9voluer sur le temps long et me permet de me concentrer sur le travail sur le v\u00e9lo au travers d\u2019un programme de course adapt\u00e9 pour grandir un peu plus chaque saison. La saison prochaine sera importante, il faudra bien appr\u00e9hender le niveau sup\u00e9rieur tout en assumant mes responsabilit\u00e9s lorsque l\u2019\u00e9quipe comptera sur moi pour faire briller ce beau maillot. J\u2019arrive dans ce projet sur 3 ans avec humilit\u00e9, envie et audace\u00a0\u00bb, indique-t-il dans un communiqu\u00e9.<\/p>\n<p>Maxime Decomble a pass\u00e9 ses deux premi\u00e8res ann\u00e9es Espoirs au sein de la Continentale de la Groupama-FDJ. Il a remport\u00e9 en octobre dernier <strong><a href=\"https:\/\/www.directvelo.com\/actualite\/124610\/maxime-decomble-incroyable-de-finir-de-cette-maniere-la\" target=\"_blank\" rel=\"noopener\">la version Espoirs de Paris-Tours (1.2U)<\/a><\/strong>. Il a par ailleurs termin\u00e9 2e du Championnat d&rsquo;Europe Espoirs et de l&rsquo;Alpes Is\u00e8re Tour (2.2), 3e du Championnat du Monde Espoirs du contre-la-montre ou encore 5e du Tour de l&rsquo;Avenir o\u00f9 il a port\u00e9 le maillot jaune de leader pendant plusieurs jours.<\/p>\n","protected":false},"excerpt":{"rendered":"Maxime Decomble\u00a0a prolong\u00e9 d&rsquo;une saison suppl\u00e9mentaire son contrat avec la Groupama-FDJ. Le Proven\u00e7al, qui va int\u00e9grer la WorldTeam&hellip;\n","protected":false},"author":2,"featured_media":544905,"comment_status":"","ping_status":"","sticky":false,"template":"","format":"standard","meta":{"footnotes":""},"categories":[1411],"tags":[834,828,836,829,837,827,83,826,824,823,1154,207,814,817,815,816,822,821,832,211,839,1011,27,820,818,819,835,831,830,833,838,60,212,208,825],"class_list":{"0":"post-544904","1":"post","2":"type-post","3":"status-publish","4":"format-standard","5":"has-post-thumbnail","7":"category-cyclisme","8":"tag-attaque","9":"tag-belgique","10":"tag-braquet","11":"tag-bretagne","12":"tag-chute","13":"tag-competition","14":"tag-coupe-de-france","15":"tag-coureur","16":"tag-course-cyclisme","17":"tag-course-cycliste","18":"tag-cycling","19":"tag-cyclisme","20":"tag-direct","21":"tag-direct-velo","22":"tag-directvelo","23":"tag-directvelo-com","24":"tag-epreuve","25":"tag-epreuve-cycliste","26":"tag-federation-francaise-de-cyclisme","27":"tag-ffc","28":"tag-flandres","29":"tag-fr","30":"tag-france","31":"tag-live","32":"tag-live-course","33":"tag-live-epreuve","34":"tag-peloton","35":"tag-radio-peloton","36":"tag-radio-tour","37":"tag-ravitaillement","38":"tag-relance","39":"tag-sports","40":"tag-uci","41":"tag-velo","42":"tag-velos"},"share_on_mastodon":{"url":"https:\/\/pubeurope.com\/@fr\/115576972532925496","error":""},"_links":{"self":[{"href":"https:\/\/www.europesays.com\/fr\/wp-json\/wp\/v2\/posts\/544904","targetHints":{"allow":["GET"]}}],"collection":[{"href":"https:\/\/www.europesays.com\/fr\/wp-json\/wp\/v2\/posts"}],"about":[{"href":"https:\/\/www.europesays.com\/fr\/wp-json\/wp\/v2\/types\/post"}],"author":[{"embeddable":true,"href":"https:\/\/www.europesays.com\/fr\/wp-json\/wp\/v2\/users\/2"}],"replies":[{"embeddable":true,"href":"https:\/\/www.europesays.com\/fr\/wp-json\/wp\/v2\/comments?post=544904"}],"version-history":[{"count":0,"href":"https:\/\/www.europesays.com\/fr\/wp-json\/wp\/v2\/posts\/544904\/revisions"}],"wp:featuredmedia":[{"embeddable":true,"href":"https:\/\/www.europesays.com\/fr\/wp-json\/wp\/v2\/media\/544905"}],"wp:attachment":[{"href":"https:\/\/www.europesays.com\/fr\/wp-json\/wp\/v2\/media?parent=544904"}],"wp:term":[{"taxonomy":"category","embeddable":true,"href":"https:\/\/www.europesays.com\/fr\/wp-json\/wp\/v2\/categories?post=544904"},{"taxonomy":"post_tag","embeddable":true,"href":"https:\/\/www.europesays.com\/fr\/wp-json\/wp\/v2\/tags?post=544904"}],"curies":[{"name":"wp","href":"https:\/\/api.w.org\/{rel}","templated":true}]}}