{"id":544914,"date":"2025-11-19T15:08:12","date_gmt":"2025-11-19T15:08:12","guid":{"rendered":"https:\/\/www.europesays.com\/fr\/544914\/"},"modified":"2025-11-19T15:08:12","modified_gmt":"2025-11-19T15:08:12","slug":"conquise-par-le-pays-alizee-quitte-la-france-pour-se-rendre-au-mexique-je-suis-tres-heureuse","status":"publish","type":"post","link":"https:\/\/www.europesays.com\/fr\/544914\/","title":{"rendered":"conquise par le pays, Aliz\u00e9e quitte la France pour se rendre au Mexique, \u00ab\u00a0je suis tr\u00e8s heureuse\u00a0\u00bb"},"content":{"rendered":"<p><strong>Aliz\u00e9e<\/strong> a conquis le public d\u00e8s l\u2019adolescence<br \/>\ngr\u00e2ce \u00e0 son hit Moi\u2026 Lolita, qui a fait d\u2019elle une figure<br \/>\nincontournable de la pop fran\u00e7aise du d\u00e9but des ann\u00e9es 2000. Sa vie<br \/>\npersonnelle s\u2019est \u00e9galement dessin\u00e9e sous les projecteurs. Apr\u00e8s sa<br \/>\nrencontre avec <strong>J\u00e9r\u00e9my Chatelain<\/strong>, elle devient<br \/>\nmaman d\u2019<strong>Annily<\/strong> en 2005, m\u00ealant maternit\u00e9 et<br \/>\ncarri\u00e8re musicale avec aisance. Quelques ann\u00e9es plus tard,<br \/>\nl\u2019\u00e9mission Danse avec les stars bouleverse \u00e0 nouveau sa<br \/>\nvie. Elle tombe amoureuse du danseur <strong>Gr\u00e9goire<br \/>\nLyonnet<\/strong>, avec qui elle accueille sa deuxi\u00e8me fille,<br \/>\n<strong>Maggy<\/strong>, en 2019. Aujourd\u2019hui install\u00e9e \u00e0 Ajaccio,<br \/>\nelle partage son temps entre sa famille et la direction de son<br \/>\n\u00e9cole de danse, qu\u2019elle coadministre avec son mari, incarnant un<br \/>\n\u00e9quilibre r\u00e9ussi entre vie personnelle et passion artistique.<\/p>\n<p>Aliz\u00e9e, v\u00e9ritable ph\u00e9nom\u00e8ne Pop<\/p>\n<p>L\u2019arriv\u00e9e d\u2019Aliz\u00e9e sur la sc\u00e8ne musicale a marqu\u00e9 le tournant<br \/>\ndes ann\u00e9es 2000. Rep\u00e9r\u00e9e par <a href=\"https:\/\/www.melty.fr\/people\/mylene-farmer-62-ans-fait-de-rares-confidences-sur-sa-vie-intime-je-suis-2175325.html\" target=\"_blank\" rel=\"noopener\"><br \/>\nMyl\u00e8ne Farmer<\/a> et <strong>Laurent Boutonnat<\/strong>, elle<br \/>\nconna\u00eet un succ\u00e8s imm\u00e9diat avec Moi\u2026 Lolita, un tube<br \/>\naccompagn\u00e9 d\u2019un clip soign\u00e9 qui captive le public. En quatre ans<br \/>\nseulement, ses albums Gourmandises et Mes courants \u00e9lectriques<br \/>\ns\u2019\u00e9coulent \u00e0 pr\u00e8s de six millions d\u2019exemplaires, confirmant son<br \/>\nstatut de nouvelle ic\u00f4ne de la pop fran\u00e7aise et inspirant m\u00eame de<br \/>\nfuturs artistes comme <strong>Julien Dor\u00e9<\/strong>. Elle impose<br \/>\n\u00e9galement une esth\u00e9tique influente, annon\u00e7ant des tendances<br \/>\nmusicales comme l\u2019Hyperpop.<\/p>\n<p>\u00c0 partir de 2007, <strong>la native d\u00a0\u00bbAjaccio<\/strong> prend son<br \/>\nenvol avec Psych\u00e9d\u00e9lices, son premier album sans l\u2019aide de<br \/>\nFarmer et Boutonnat. Malgr\u00e9 une production autonome et des<br \/>\ncritiques favorables pour ses albums suivants, le public se<br \/>\nd\u00e9tourne progressivement. Apr\u00e8s plusieurs ann\u00e9es d\u2019absence, elle<br \/>\neffectue un retour remarqu\u00e9 en 2025, \u00e0 l\u2019occasion des 25 ans de sa<br \/>\ncarri\u00e8re. Ses deux concerts \u00e0 l\u2019Olympia, les 7 et 8 septembre, ont<br \/>\nattir\u00e9 autant les nostalgiques du nouveau mill\u00e9naire que les jeunes<br \/>\nd\u00e9couvrant ses tubes, et l\u2019artiste s&rsquo;est montr\u00e9e rayonnante et en<br \/>\npleine forme sur sc\u00e8ne.<\/p>\n<p>L&rsquo;artiste annonce une tourn\u00e9e internationale pour 2026<\/p>\n<p>Apr\u00e8s 21 ans d\u2019absence sur la sc\u00e8ne parisienne, Aliz\u00e9e a en<br \/>\neffet fait vibrer ses fans les 7 et 8 septembre pour c\u00e9l\u00e9brer ses<br \/>\n25 ans de carri\u00e8re. Mais l\u2019artiste ne s\u2019est pas arr\u00eat\u00e9e l\u00e0 et a<br \/>\nrapidement annonc\u00e9 <strong>une tourn\u00e9e pour 2026<\/strong>,<br \/>\ncomprenant huit dates en France et en Belgique. Le parcours<br \/>\nd\u00e9butera \u00e0 Ajaccio le 5 septembre, puis se poursuivra \u00e0 Marseille,<br \/>\nMontpellier, Lyon, Bordeaux, Li\u00e8ge, Lille et Strasbourg, offrant \u00e0<br \/>\nses admirateurs l\u2019occasion de la retrouver dans plusieurs<br \/>\nvilles.<\/p>\n<p>L&rsquo;interpr\u00e8te d&rsquo;Hier encore a \u00e9galement r\u00e9serv\u00e9 une<br \/>\nsurprise \u00e0 ses fans internationaux <strong>en confirmant une date<br \/>\nau Mexique<\/strong>. \u00ab\u00a0VIVA MEXIQUE. Je suis tr\u00e8s heureuse de<br \/>\nvous annoncer que j&rsquo;y retourne !\u00a0\u00bb, a-t-elle partag\u00e9 avec sa<br \/>\ncommunaut\u00e9. Elle a pr\u00e9cis\u00e9 que le concert se tiendra le 29 mai 2026<br \/>\net a ajout\u00e9 : \u00ab\u00a0J\u2019ai h\u00e2te de revoir mes fans mexicains !\u00a0\u00bb,<br \/>\nexprimant son enthousiasme \u00e0 l\u2019id\u00e9e de retrouver le public<br \/>\nlatino-am\u00e9ricain.<\/p>\n<p>Aliz\u00e9e, une star adul\u00e9e au Mexique<\/p>\n<p>La popularit\u00e9 d\u2019Aliz\u00e9e au Mexique ne se d\u00e9ment pas et sa r\u00e9cente<br \/>\nannonce de concert a imm\u00e9diatement enflamm\u00e9 sa communaut\u00e9 locale.<br \/>\nSelon nos confr\u00e8res de Gala, la chanteuse a d\u00e9j\u00e0 rempli<br \/>\nl\u2019<strong>El Auditorio Nacional de Mexico<\/strong>, une salle de 10<br \/>\n000 places, et ses passages t\u00e9l\u00e9vis\u00e9s, comme dans la telenovela Las<br \/>\ntontas no van al cielo, ont captiv\u00e9 plus de 75 millions de<br \/>\nspectateurs. M\u00eame lors de s\u00e9ances de d\u00e9dicaces pr\u00e9vues pour 400<br \/>\nfans, 4000 personnes se pressaient dans les centres commerciaux,<br \/>\nobligeant la chanteuse \u00e0 interrompre l\u2019\u00e9v\u00e9nement.<\/p>\n<p>Cette popularit\u00e9 s\u2019accompagne d\u2019un traitement digne des plus<br \/>\ngrandes c\u00e9l\u00e9brit\u00e9s. Gala souligne : \u00ab\u00a0Aujourd\u2019hui,<br \/>\nquand elle d\u00e9barque au Mexique, la chanteuse doit emprunter les<br \/>\ncorridors a\u00e9roportuaires r\u00e9serv\u00e9s aux chefs d\u2019Etat, semer les<br \/>\npaparazzis et se d\u00e9placer avec un garde du corps\u00a0\u00bb. Cette<br \/>\nadmiration massive laisse pr\u00e9sager <strong>un concert exceptionnel<br \/>\nle 29 mai 2026<\/strong>, o\u00f9 <a href=\"https:\/\/www.melty.fr\/people\/alizee-victime-de-grossophobie-apres-un-concert-je-mappelle-loligrasdouble-2214861.html\" target=\"_blank\" rel=\"noopener\"><br \/>\nla chanteuse victime de grossophobie<\/a> pourra confirmer une fois<br \/>\nde plus son statut de superstar aupr\u00e8s de ses fans mexicains.<\/p>\n","protected":false},"excerpt":{"rendered":"Aliz\u00e9e a conquis le public d\u00e8s l\u2019adolescence gr\u00e2ce \u00e0 son hit Moi\u2026 Lolita, qui a fait d\u2019elle une&hellip;\n","protected":false},"author":2,"featured_media":544915,"comment_status":"","ping_status":"","sticky":false,"template":"","format":"standard","meta":{"footnotes":""},"categories":[1355],"tags":[21748,58,59,1011,27,1361,873,65861],"class_list":{"0":"post-544914","1":"post","2":"type-post","3":"status-publish","4":"format-standard","5":"has-post-thumbnail","7":"category-musique","8":"tag-alizee","9":"tag-divertissement","10":"tag-entertainment","11":"tag-fr","12":"tag-france","13":"tag-music","14":"tag-musique","15":"tag-trend"},"share_on_mastodon":{"url":"https:\/\/pubeurope.com\/@fr\/115576996218194577","error":""},"_links":{"self":[{"href":"https:\/\/www.europesays.com\/fr\/wp-json\/wp\/v2\/posts\/544914","targetHints":{"allow":["GET"]}}],"collection":[{"href":"https:\/\/www.europesays.com\/fr\/wp-json\/wp\/v2\/posts"}],"about":[{"href":"https:\/\/www.europesays.com\/fr\/wp-json\/wp\/v2\/types\/post"}],"author":[{"embeddable":true,"href":"https:\/\/www.europesays.com\/fr\/wp-json\/wp\/v2\/users\/2"}],"replies":[{"embeddable":true,"href":"https:\/\/www.europesays.com\/fr\/wp-json\/wp\/v2\/comments?post=544914"}],"version-history":[{"count":0,"href":"https:\/\/www.europesays.com\/fr\/wp-json\/wp\/v2\/posts\/544914\/revisions"}],"wp:featuredmedia":[{"embeddable":true,"href":"https:\/\/www.europesays.com\/fr\/wp-json\/wp\/v2\/media\/544915"}],"wp:attachment":[{"href":"https:\/\/www.europesays.com\/fr\/wp-json\/wp\/v2\/media?parent=544914"}],"wp:term":[{"taxonomy":"category","embeddable":true,"href":"https:\/\/www.europesays.com\/fr\/wp-json\/wp\/v2\/categories?post=544914"},{"taxonomy":"post_tag","embeddable":true,"href":"https:\/\/www.europesays.com\/fr\/wp-json\/wp\/v2\/tags?post=544914"}],"curies":[{"name":"wp","href":"https:\/\/api.w.org\/{rel}","templated":true}]}}