{"id":544928,"date":"2025-11-19T15:15:20","date_gmt":"2025-11-19T15:15:20","guid":{"rendered":"https:\/\/www.europesays.com\/fr\/544928\/"},"modified":"2025-11-19T15:15:20","modified_gmt":"2025-11-19T15:15:20","slug":"victime-dune-escroquerie-en-ligne-un-homme-humilie-met-fin-a-ses-jours","status":"publish","type":"post","link":"https:\/\/www.europesays.com\/fr\/544928\/","title":{"rendered":"Victime d\u2019une escroquerie en ligne, un homme \u00ab\u00a0humili\u00e9\u00a0\u00bb met fin \u00e0 ses jours"},"content":{"rendered":"<p> \u00abTu m\u2019as donn\u00e9 le coup de pouce pour mettre fin \u00e0 mes jours.\u00a0\u00bb Voil\u00e0 ce qu\u2019a \u00e9crit sur WhatsApp un homme de 36 ans en s\u2019adressant \u00e0 l\u2019individu qui l\u2019avait <a href=\"https:\/\/www.20minutes.fr\/dossier\/arnaque\" class=\"c-link c-link--is-underlined\" target=\"_blank\" rel=\"noopener\">arnaqu\u00e9<\/a>. Le trentenaire s\u2019est suicid\u00e9 le 29\u00a0octobre dernier sur son lieu de travail dans le secteur d\u2019Anvers (<a href=\"https:\/\/www.20minutes.fr\/dossier\/belgique\" class=\"c-link c-link--is-underlined\" target=\"_blank\" rel=\"noopener\">Belgique<\/a>) \u00e0 peine trois semaines apr\u00e8s avoir r\u00e9dig\u00e9 ce message, rapporte le m\u00e9dia local <a href=\"https:\/\/www.hln.be\/binnenland\/oplichters-dreven-didier-36-tot-wanhoopsdaad-zijn-partner-getuigt-het-blijft-zo-moeilijk-om-te-begrijpen~a83f3b44\/?referrer=https%3A%2F%2Fwww.google.com%2F&amp;referrer=https%3A%2F%2Fwww.leparisien.fr%2F\" rel=\"nofollow noopener\" target=\"_blank\" class=\"c-link c-link--is-underlined\">Het Laatste Nieuws<\/a> ce lundi.<\/p>\n<p>Un p\u00e8re de famille<\/p>\n<p>\u00ab\u00a0Didier s\u2019est senti humili\u00e9 et n\u2019a pas voulu nous entra\u00eener avec lui dans sa chute\u00a0\u00bb, a t\u00e9moign\u00e9 sa compagne et m\u00e8re de leur enfant de huit ans. Ce n\u2019est qu\u2019apr\u00e8s le d\u00e9c\u00e8s de son conjoint que la Belge a compris dans quelle situation financi\u00e8re son compagnon et le foyer se trouvaient r\u00e9ellement. Pour offrir \u00e0 sa famille un train de vie confortable, le trentenaire s\u2019\u00e9tait en effet <a href=\"https:\/\/www.20minutes.fr\/economie\/dette\/\" class=\"c-link c-link--is-underlined\" target=\"_blank\" rel=\"noopener\">endett\u00e9<\/a> sans en informer personne.<\/p>\n<\/p>\n<p>Alors qu\u2019il devait des milliers d\u2019euros, il avait \u00e9t\u00e9 pi\u00e9g\u00e9 par une escroquerie en ligne dont l\u2019auteur promettait un pr\u00eat rapide de 20.000 euros moyennant un premier versement. Pour activer le versement, l\u2019homme avait vers\u00e9 4.000 euros, mais il n\u2019avait ensuite rien vu venir. \u00ab\u00a0Arnaqueur donc\u2026 merci hein. [\u2026] Ces 20.000 euros auraient d\u00fb me sortir du p\u00e9trin, a \u00e9crit la victime au malfaiteur. Mais tu m\u2019as bien eu avec tes promesses.\u00a0\u00bb<\/p>\n","protected":false},"excerpt":{"rendered":"\u00abTu m\u2019as donn\u00e9 le coup de pouce pour mettre fin \u00e0 mes jours.\u00a0\u00bb Voil\u00e0 ce qu\u2019a \u00e9crit sur&hellip;\n","protected":false},"author":2,"featured_media":544929,"comment_status":"","ping_status":"","sticky":false,"template":"","format":"standard","meta":{"footnotes":""},"categories":[5],"tags":[47,11,3514,828,3513,118,1011,27,14,74,12,468,5748,28],"class_list":{"0":"post-544928","1":"post","2":"type-post","3":"status-publish","4":"format-standard","5":"has-post-thumbnail","7":"category-international","8":"tag-actualite","9":"tag-actualites","10":"tag-arnaque","11":"tag-belgique","12":"tag-escroquerie","13":"tag-faits-divers","14":"tag-fr","15":"tag-france","16":"tag-international","17":"tag-monde","18":"tag-news","19":"tag-pret","20":"tag-suicide","21":"tag-world"},"share_on_mastodon":{"url":"https:\/\/pubeurope.com\/@fr\/115577023741338663","error":""},"_links":{"self":[{"href":"https:\/\/www.europesays.com\/fr\/wp-json\/wp\/v2\/posts\/544928","targetHints":{"allow":["GET"]}}],"collection":[{"href":"https:\/\/www.europesays.com\/fr\/wp-json\/wp\/v2\/posts"}],"about":[{"href":"https:\/\/www.europesays.com\/fr\/wp-json\/wp\/v2\/types\/post"}],"author":[{"embeddable":true,"href":"https:\/\/www.europesays.com\/fr\/wp-json\/wp\/v2\/users\/2"}],"replies":[{"embeddable":true,"href":"https:\/\/www.europesays.com\/fr\/wp-json\/wp\/v2\/comments?post=544928"}],"version-history":[{"count":0,"href":"https:\/\/www.europesays.com\/fr\/wp-json\/wp\/v2\/posts\/544928\/revisions"}],"wp:featuredmedia":[{"embeddable":true,"href":"https:\/\/www.europesays.com\/fr\/wp-json\/wp\/v2\/media\/544929"}],"wp:attachment":[{"href":"https:\/\/www.europesays.com\/fr\/wp-json\/wp\/v2\/media?parent=544928"}],"wp:term":[{"taxonomy":"category","embeddable":true,"href":"https:\/\/www.europesays.com\/fr\/wp-json\/wp\/v2\/categories?post=544928"},{"taxonomy":"post_tag","embeddable":true,"href":"https:\/\/www.europesays.com\/fr\/wp-json\/wp\/v2\/tags?post=544928"}],"curies":[{"name":"wp","href":"https:\/\/api.w.org\/{rel}","templated":true}]}}