{"id":544946,"date":"2025-11-19T15:25:18","date_gmt":"2025-11-19T15:25:18","guid":{"rendered":"https:\/\/www.europesays.com\/fr\/544946\/"},"modified":"2025-11-19T15:25:18","modified_gmt":"2025-11-19T15:25:18","slug":"la-directrice-de-lecole-samuel-paty-a-montpellier-menacee-de-mort-et-agressee-des-parents-deleves-condamnes","status":"publish","type":"post","link":"https:\/\/www.europesays.com\/fr\/544946\/","title":{"rendered":"La directrice de l&rsquo;\u00e9cole Samuel Paty \u00e0 Montpellier menac\u00e9e de mort et agress\u00e9e : des parents d&rsquo;\u00e9l\u00e8ves condamn\u00e9s"},"content":{"rendered":"<p class=\"rev-margin-0 rev-text-xs-normal\">L&rsquo;agression a eu lieu \u00e0 l&rsquo;\u00e9cole Samuel Paty, \u00e0 Montpellier.<\/p>\n<p class=\"rev-margin-0 rev-text-xs-bold\">\/ Capture \u00e9cran Google Street View<\/p>\n<p>Dix mois de prison \u00e0 effectuer sous bracelet \u00e9lectronique pour le p\u00e8re, 105 heures de travail d&rsquo;int\u00e9r\u00eat g\u00e9n\u00e9ral dans les 18 prochains mois pour la m\u00e8re. Ce mardi 18 novembre, un couple de parents d&rsquo;\u00e9l\u00e8ves a \u00e9t\u00e9 condamn\u00e9 apr\u00e8s avoir agress\u00e9 et menac\u00e9 de mort la directrice d&rsquo;une \u00e9cole \u00e0 Montpellier, en mars dernier. Ces derniers devront \u00e9galement effectuer un stage de citoyennet\u00e9, \u00e0 leurs frais, et ont interdiction d&rsquo;entrer en contact avec la directrice et de se rendre dans l&rsquo;\u00e9tablissement scolaire pendant deux ans, pr\u00e9cise <a href=\"https:\/\/actu.fr\/occitanie\/montpellier_34172\/proces-a-montpellier-directrice-d-ecole-agressee-je-vais-te-faire-violer-on-va-t-enterrer-vivante_63455676.html\" target=\"_blank\" rel=\"noopener\">Actu.fr<\/a>.\u00a0<\/p>\n<p>\u00ab\u00a0Elle vient toujours \u00e0 l&rsquo;\u00e9cole la boule au ventre\u00a0\u00bb<\/p>\n<p>Selon nos confr\u00e8res, depuis cette altercation, la directrice se rendrait \u00e0 l&rsquo;\u00e9cole avec \u00ab\u00a0la boule au ventre\u00a0\u00bb, et aurait peur de recroiser les parents, \u00ab\u00a0qui r\u00e9sident \u00e0 500 m\u00e8tres\u00a0\u00bb de l\u00e0.<\/p>\n<p>Pour recontextualiser, le 13 mars dernier, le couple de trentenaires s&rsquo;est introduit ill\u00e9galement la cour de l&rsquo;\u00e9cole en enjambant le portail. La directrice de l&rsquo;\u00e9tablissement les somme alors de quitter les lieux, mais la situation d\u00e9g\u00e9n\u00e8re, les menaces de mort commencent \u00e0 fuser et la m\u00e8re lance : \u00ab\u00a0Je vais te faire violer, je vais tuer.\u00a0\u00bb Les parents finissent par lui porter un coup de couteau au thorax, entra\u00eenant cinq jours d&rsquo;ITT. La victime r\u00e9ussit \u00e0 se r\u00e9fugier et \u00e0 s&rsquo;enfermer dans son bureau. Mais la m\u00e8re ne s&rsquo;arr\u00eate pas l\u00e0 et tente alors de casser la porte. Tout serait parti d&rsquo;un appel de la directrice, ayant inform\u00e9 les parents que leur fils a fait un bisou \u00e0 une \u00e9l\u00e8ve au niveau de l&rsquo;entrejambe et qu&rsquo;elle venait donc de le r\u00e9primander.<\/p>\n<p>Une Atsem, ayant assist\u00e9 \u00e0 la sc\u00e8ne, a indiqu\u00e9 \u00e0 nos confr\u00e8res \u00ab\u00a0n&rsquo;avoir jamais vu \u00e7a en 25 ans de carri\u00e8re.\u00a0\u00bb<\/p>\n<p>Les deux mis en cause, \u00e2g\u00e9s de 31 et 32 ans, ont pr\u00e9sent\u00e9 leurs excuses et dit regretter leur comportement. Le p\u00e8re \u00e9tait d\u00e9j\u00e0 connu des services de police, indique <a href=\"https:\/\/www.20minutes.fr\/justice\/4186577-20251119-herault-couple-parents-eleves-condamne-agression-directrice-ecole?at_medium=display&amp;at_campaign=149\" target=\"_blank\" rel=\"noopener\">20 Minutes<\/a>.\u00a0<\/p>\n","protected":false},"excerpt":{"rendered":"L&rsquo;agression a eu lieu \u00e0 l&rsquo;\u00e9cole Samuel Paty, \u00e0 Montpellier. \/ Capture \u00e9cran Google Street View Dix mois&hellip;\n","protected":false},"author":2,"featured_media":544947,"comment_status":"","ping_status":"","sticky":false,"template":"","format":"standard","meta":{"footnotes":""},"categories":[9599],"tags":[17,1111,11,6042,1777,674,274,1011,27,4112,18636,2208,18,12,2680,66343,25,9863],"class_list":{"0":"post-544946","1":"post","2":"type-post","3":"status-publish","4":"format-standard","5":"has-post-thumbnail","7":"category-montpellier","8":"tag-17","9":"tag-actu","10":"tag-actualites","11":"tag-directrice","12":"tag-eu","13":"tag-europe","14":"tag-faits-divers-justice","15":"tag-fr","16":"tag-france","17":"tag-lecole","18":"tag-menacee","19":"tag-montpellier","20":"tag-mort","21":"tag-news","22":"tag-occitanie","23":"tag-paty","24":"tag-republique-francaise","25":"tag-samuel"},"share_on_mastodon":{"url":"https:\/\/pubeurope.com\/@fr\/115577062862088642","error":""},"_links":{"self":[{"href":"https:\/\/www.europesays.com\/fr\/wp-json\/wp\/v2\/posts\/544946","targetHints":{"allow":["GET"]}}],"collection":[{"href":"https:\/\/www.europesays.com\/fr\/wp-json\/wp\/v2\/posts"}],"about":[{"href":"https:\/\/www.europesays.com\/fr\/wp-json\/wp\/v2\/types\/post"}],"author":[{"embeddable":true,"href":"https:\/\/www.europesays.com\/fr\/wp-json\/wp\/v2\/users\/2"}],"replies":[{"embeddable":true,"href":"https:\/\/www.europesays.com\/fr\/wp-json\/wp\/v2\/comments?post=544946"}],"version-history":[{"count":0,"href":"https:\/\/www.europesays.com\/fr\/wp-json\/wp\/v2\/posts\/544946\/revisions"}],"wp:featuredmedia":[{"embeddable":true,"href":"https:\/\/www.europesays.com\/fr\/wp-json\/wp\/v2\/media\/544947"}],"wp:attachment":[{"href":"https:\/\/www.europesays.com\/fr\/wp-json\/wp\/v2\/media?parent=544946"}],"wp:term":[{"taxonomy":"category","embeddable":true,"href":"https:\/\/www.europesays.com\/fr\/wp-json\/wp\/v2\/categories?post=544946"},{"taxonomy":"post_tag","embeddable":true,"href":"https:\/\/www.europesays.com\/fr\/wp-json\/wp\/v2\/tags?post=544946"}],"curies":[{"name":"wp","href":"https:\/\/api.w.org\/{rel}","templated":true}]}}