{"id":544948,"date":"2025-11-19T15:27:17","date_gmt":"2025-11-19T15:27:17","guid":{"rendered":"https:\/\/www.europesays.com\/fr\/544948\/"},"modified":"2025-11-19T15:27:17","modified_gmt":"2025-11-19T15:27:17","slug":"rouen-concarneau-youssouf-soukouna-absent-du-deplacement-en-normandie","status":"publish","type":"post","link":"https:\/\/www.europesays.com\/fr\/544948\/","title":{"rendered":"Rouen &#8211; Concarneau\u00a0: Youssouf Soukouna absent du d\u00e9placement en Normandie"},"content":{"rendered":"<p>National (13e journ\u00e9e). Rouen &#8211; US Concarneau, vendredi (19\u00a0h\u00a030)<\/p>\n<p>L\u2019US Concarneau devra faire sans son attaquant Youssouf Soukouna, pour le d\u00e9placement face au leader du championnat, Rouen. Le meilleur buteur concarnois toutes comp\u00e9titions confondues (quatre buts), souffre d\u2019une entorse \u00e0 la cheville. \u00ab\u00a0Sa reprise est pr\u00e9vue lundi. Il sera potentiellement op\u00e9rationnel pour <a href=\"https:\/\/www.letelegramme.fr\/sports\/football\/us-concarneau\/coupe-de-france-on-connait-la-date-et-lheure-du-choc-us-concarneau-stade-briochin-6931356.php\" target=\"_blank\" rel=\"nofollow noopener\">le match de coupe de France<\/a>\u00a0\u00bb, a confi\u00e9 son entra\u00eeneur St\u00e9phane Rossi, en conf\u00e9rence de presse ce mercredi.<\/p>\n<p>Tell, Seba et Viot de retour<\/p>\n<p>Pour pallier son absence, les Thoniers pourront compter sur le retour de Jordan Tell, meilleur buteur concarnois en championnat (trois buts). <a href=\"https:\/\/www.letelegramme.fr\/sports\/football\/us-concarneau\/il-faut-y-aller-agir-sur-le-terrain-et-ca-va-tourner-pense-le-defenseur-central-de-lus-concarneau-djessine-seba-6902224.php\" target=\"_blank\" rel=\"nofollow noopener\">Djessine Seba<\/a> et Omar Daf feront aussi leur retour dans le groupe.<\/p>\n","protected":false},"excerpt":{"rendered":"National (13e journ\u00e9e). Rouen &#8211; US Concarneau, vendredi (19\u00a0h\u00a030) L\u2019US Concarneau devra faire sans son attaquant Youssouf Soukouna,&hellip;\n","protected":false},"author":2,"featured_media":544949,"comment_status":"","ping_status":"","sticky":false,"template":"","format":"standard","meta":{"footnotes":""},"categories":[9587],"tags":[1111,11,3322,3166,1777,674,63,1011,27,12,5161,25,9590,60,14656],"class_list":{"0":"post-544948","1":"post","2":"type-post","3":"status-publish","4":"format-standard","5":"has-post-thumbnail","7":"category-rouen","8":"tag-actu","9":"tag-actualites","10":"tag-concarneau","11":"tag-en-continu-sports","12":"tag-eu","13":"tag-europe","14":"tag-football","15":"tag-fr","16":"tag-france","17":"tag-news","18":"tag-normandie","19":"tag-republique-francaise","20":"tag-rouen","21":"tag-sports","22":"tag-us-concarneau"},"share_on_mastodon":{"url":"https:\/\/pubeurope.com\/@fr\/115577070875179960","error":""},"_links":{"self":[{"href":"https:\/\/www.europesays.com\/fr\/wp-json\/wp\/v2\/posts\/544948","targetHints":{"allow":["GET"]}}],"collection":[{"href":"https:\/\/www.europesays.com\/fr\/wp-json\/wp\/v2\/posts"}],"about":[{"href":"https:\/\/www.europesays.com\/fr\/wp-json\/wp\/v2\/types\/post"}],"author":[{"embeddable":true,"href":"https:\/\/www.europesays.com\/fr\/wp-json\/wp\/v2\/users\/2"}],"replies":[{"embeddable":true,"href":"https:\/\/www.europesays.com\/fr\/wp-json\/wp\/v2\/comments?post=544948"}],"version-history":[{"count":0,"href":"https:\/\/www.europesays.com\/fr\/wp-json\/wp\/v2\/posts\/544948\/revisions"}],"wp:featuredmedia":[{"embeddable":true,"href":"https:\/\/www.europesays.com\/fr\/wp-json\/wp\/v2\/media\/544949"}],"wp:attachment":[{"href":"https:\/\/www.europesays.com\/fr\/wp-json\/wp\/v2\/media?parent=544948"}],"wp:term":[{"taxonomy":"category","embeddable":true,"href":"https:\/\/www.europesays.com\/fr\/wp-json\/wp\/v2\/categories?post=544948"},{"taxonomy":"post_tag","embeddable":true,"href":"https:\/\/www.europesays.com\/fr\/wp-json\/wp\/v2\/tags?post=544948"}],"curies":[{"name":"wp","href":"https:\/\/api.w.org\/{rel}","templated":true}]}}