{"id":544950,"date":"2025-11-19T15:28:15","date_gmt":"2025-11-19T15:28:15","guid":{"rendered":"https:\/\/www.europesays.com\/fr\/544950\/"},"modified":"2025-11-19T15:28:15","modified_gmt":"2025-11-19T15:28:15","slug":"les-equipes-du-magasin-le-centre-dart-contemporain-en-greve","status":"publish","type":"post","link":"https:\/\/www.europesays.com\/fr\/544950\/","title":{"rendered":"les \u00e9quipes du Magasin, le Centre d\u2019art contemporain, en gr\u00e8ve"},"content":{"rendered":"<p>C\u2019est l\u2019histoire qui semble se r\u00e9p\u00e9ter. Inlassablement dans ce Centre national d\u2019art contemporain. Les \u00e9quipes du Magasin \u00e0 Grenoble ont fait gr\u00e8ve de 14 \u00e0 16 heures. \u00ab\u00a0Les salari\u00e9s prennent aujourd\u2019hui la parole publiquement pour d\u00e9crire une situation de travail devenue, au fil des mois, insoutenable. Derri\u00e8re les fa\u00e7ades culturelles et les discours officiels, l\u2019\u00e9quipe vit une d\u00e9gradation continue de son quotidien, marqu\u00e9e par l\u2019absence de dialogue, l\u2019opacit\u00e9 des d\u00e9cisions et un climat de m\u00e9fiance qui s\u2019est lentement impos\u00e9 comme une norme\u00a0\u00bb, expliquent-ils dans un communiqu\u00e9 diffus\u00e9 par Sud Culture Solidaires.<\/p>\n<p>\u00ab\u00a0Depuis plus de deux ans, le centre est travers\u00e9 par des d\u00e9parts successifs, des licenciements, des d\u00e9missions, des arr\u00eats maladie et des accidents du travail qui, mis bout \u00e0 bout, dessinent un tableau pr\u00e9occupant. Beaucoup expriment une fatigue profonde, une perte de sens et le sentiment d\u2019\u00eatre entra\u00een\u00e9s dans une dynamique qui s\u2019\u00e9loigne chaque jour davantage des valeurs initiales de la structure. Les tentatives d\u2019alerte adress\u00e9es \u00e0 la direction et \u00e0 la gouvernance, notamment par le CSE, n\u2019ont conduit ni \u00e0 des enqu\u00eates internes ni \u00e0 des mesures concr\u00e8tes de soutien, malgr\u00e9 les obligations l\u00e9gales et les signaux r\u00e9currents attestant d\u2019un risque psychosocial av\u00e9r\u00e9\u00a0\u00bb, expliquent les salari\u00e9s.<\/p>\n<p>  La directrice sur le d\u00e9part<\/p>\n<p><a href=\"https:\/\/www.ledauphine.com\/culture-loisirs\/2022\/03\/03\/art-contemporain-les-portes-du-magasin-ouvriront-cette-annee\" target=\"_blank\" rel=\"nofollow noopener\">L\u2019arriv\u00e9e \u00e0 la direction de C\u00e9line Kopp en janvier\u00a02022<\/a> avait suscit\u00e9 un grand enthousiasme tant ce fleuron de la culture \u00e0 Grenoble avait \u00e9t\u00e9 travers\u00e9 par de multiples perturbations autant politiques que sociales. Mais il semble que les probl\u00e8mes perdurent alors que C\u00e9line Kopp vient d\u2019annoncer son d\u00e9part pour le mus\u00e9e d\u2019art moderne et d\u2019art contemporain de Nice.<\/p>\n<p>\u00ab\u00a0Dans ce contexte d\u00e9j\u00e0 fragilis\u00e9, plusieurs salari\u00e9s ont r\u00e9cemment fait l\u2019objet de proc\u00e9dures disciplinaires lourdes, parfois engag\u00e9es au retour d\u2019un arr\u00eat de travail. L\u2019usage quasi imm\u00e9diat du levier juridique et le refus d\u2019ouvrir une m\u00e9diation sinc\u00e8re ont renforc\u00e9 l\u2019inqui\u00e9tude g\u00e9n\u00e9rale\u00a0\u00bb, expliquent les salari\u00e9s qui demandent \u00ab\u00a0qu\u2019un v\u00e9ritable espace de m\u00e9diation soit ouvert, ind\u00e9pendant et transparent\u00a0\u00bb. Ainsi que \u00ab\u00a0le retrait de la proc\u00e9dure de licenciement engag\u00e9e \u00e0 l\u2019encontre de leur coll\u00e8gue et la r\u00e9int\u00e9gration \u00e0 son poste, l\u2019ouverture urgente d\u2019un dialogue structur\u00e9, la mise en place d\u2019une m\u00e9diation neutre et ind\u00e9pendante, la reconnaissance des alertes internes, un audit organisationnel, et des mesures r\u00e9elles permettant d\u2019am\u00e9liorer durablement les conditions de travail.\u00a0\u00bb Des revendications qui devraient faire r\u00e9agir les tutelles que sont l\u2019\u00c9tat, la R\u00e9gion, le D\u00e9partement et la Ville de Grenoble.<\/p>\n","protected":false},"excerpt":{"rendered":"C\u2019est l\u2019histoire qui semble se r\u00e9p\u00e9ter. Inlassablement dans ce Centre national d\u2019art contemporain. Les \u00e9quipes du Magasin \u00e0&hellip;\n","protected":false},"author":2,"featured_media":544951,"comment_status":"","ping_status":"","sticky":false,"template":"","format":"standard","meta":{"footnotes":""},"categories":[9566],"tags":[1111,11,2430,9671,1687,112,1777,674,1011,27,2731,2732,108,1985,12,25,801],"class_list":{"0":"post-544950","1":"post","2":"type-post","3":"status-publish","4":"format-standard","5":"has-post-thumbnail","7":"category-grenoble","8":"tag-actu","9":"tag-actualites","10":"tag-auvergne-rhone-alpes","11":"tag-conflit-social","12":"tag-culture-loisirs","13":"tag-edition-grenoble-agglomeration","14":"tag-eu","15":"tag-europe","16":"tag-fr","17":"tag-france","18":"tag-grenoble","19":"tag-grenoble-bassin","20":"tag-isere","21":"tag-metropole-de-grenoble","22":"tag-news","23":"tag-republique-francaise","24":"tag-social"},"share_on_mastodon":{"url":"https:\/\/pubeurope.com\/@fr\/115577074864205240","error":""},"_links":{"self":[{"href":"https:\/\/www.europesays.com\/fr\/wp-json\/wp\/v2\/posts\/544950","targetHints":{"allow":["GET"]}}],"collection":[{"href":"https:\/\/www.europesays.com\/fr\/wp-json\/wp\/v2\/posts"}],"about":[{"href":"https:\/\/www.europesays.com\/fr\/wp-json\/wp\/v2\/types\/post"}],"author":[{"embeddable":true,"href":"https:\/\/www.europesays.com\/fr\/wp-json\/wp\/v2\/users\/2"}],"replies":[{"embeddable":true,"href":"https:\/\/www.europesays.com\/fr\/wp-json\/wp\/v2\/comments?post=544950"}],"version-history":[{"count":0,"href":"https:\/\/www.europesays.com\/fr\/wp-json\/wp\/v2\/posts\/544950\/revisions"}],"wp:featuredmedia":[{"embeddable":true,"href":"https:\/\/www.europesays.com\/fr\/wp-json\/wp\/v2\/media\/544951"}],"wp:attachment":[{"href":"https:\/\/www.europesays.com\/fr\/wp-json\/wp\/v2\/media?parent=544950"}],"wp:term":[{"taxonomy":"category","embeddable":true,"href":"https:\/\/www.europesays.com\/fr\/wp-json\/wp\/v2\/categories?post=544950"},{"taxonomy":"post_tag","embeddable":true,"href":"https:\/\/www.europesays.com\/fr\/wp-json\/wp\/v2\/tags?post=544950"}],"curies":[{"name":"wp","href":"https:\/\/api.w.org\/{rel}","templated":true}]}}