{"id":544958,"date":"2025-11-19T15:34:11","date_gmt":"2025-11-19T15:34:11","guid":{"rendered":"https:\/\/www.europesays.com\/fr\/544958\/"},"modified":"2025-11-19T15:34:11","modified_gmt":"2025-11-19T15:34:11","slug":"on-fait-quoi-ce-week-end-illuminations-de-noel-fete-pour-les-chats-errants-nos-idees-de-sorties-a-strasbourg","status":"publish","type":"post","link":"https:\/\/www.europesays.com\/fr\/544958\/","title":{"rendered":"On fait quoi ce week-end. Illuminations de No\u00ebl, f\u00eate pour les chats errants&#8230; nos id\u00e9es de sorties \u00e0 Strasbourg"},"content":{"rendered":"<p class=\"insetTitle\">Scary vendredi \u00e0 l&rsquo;UGC : Scream, ou comment Wes Craven a r\u00e9invent\u00e9 le slasher<\/p>\n<p>Une ado \u00e0 la cool (Drew Barrymore, g\u00e9niale dans cette br\u00e8ve apparition) qui fait chauffer du pop-corn dans la cuisine de la riche demeure de ses parents. Un coup de t\u00e9l\u00e9phone, une voix rassurante, puis quelques questions indiscr\u00e8tes&#8230; et tout bascule. Terreur sur la ligne, 17 ans apr\u00e8s le film \u00e9ponyme de Fred Walton\u00a0: voil\u00e0 le slasher Scream, objet filmique non identifi\u00e9, classique instantan\u00e9, qui d\u00e9boule sur les \u00e9crans du monde entier. Au menu \u00a0: un tueur insaisissable, un redoutable jeu du chat et de la souris, des mises \u00e0 mort spectaculaires et surtout, surtout, un humour f\u00e9roce doubl\u00e9 d&rsquo;un sens du suspense et du frisson comme on en a rarement vu \u00e0 l&rsquo;\u00e9cran. Ghostface, mythique tueur de la saga, devient une l\u00e9gende. <a href=\"https:\/\/www.dna.fr\/actualite\/2015\/11\/21\/le-braqueur-etait-dissimule-sous-le-masque-de-scream\" target=\"_blank\" rel=\"noopener\">Son masque<\/a>, un incontournable encore en vigueur chaque soir d&rsquo;Halloween. Sa franchise, une valeur s\u00fbre du box-office, d&rsquo;ailleurs <a href=\"https:\/\/www.dna.fr\/culture-loisirs\/2023\/03\/12\/scream-vi-prend-la-tete-du-box-office-nord-americain\" target=\"_blank\" rel=\"noopener\">toujours exploit\u00e9e<\/a> par Paramount.<\/p>\n<p>Mise en abyme<\/p>\n<p>En 1996, <a href=\"https:\/\/www.dna.fr\/actualite\/2015\/08\/31\/wes-craven-le-realisateur-des-series-cultes-scream-et-freddy-est-mort-a-l-age-de-76-ans\" target=\"_blank\" rel=\"noopener\">Wes Craven<\/a>, c\u00e9l\u00e8bre r\u00e9alisateur de p\u00e9pites horrifiques comme La derni\u00e8re maison sur la gauche, Les griffes de la nuit ou La colline a des yeux, se lan\u00e7ait le d\u00e9fi de remettre au go\u00fbt du jour le slasher, alors s\u00e9rieusement d\u00e9laiss\u00e9 apr\u00e8s une exploitation outranci\u00e8re dans les ann\u00e9es 1980 (les sagas Freddy, Halloween et Vendredi 13, us\u00e9es jusqu&rsquo;au trognon). Son id\u00e9e \u00a0: mettre en lumi\u00e8re de fa\u00e7on explicite les codes du genre pour en jouer, pour parler de cin\u00e9ma, en une vertigineuse mise en abyme o\u00f9 chaque personnage devient un arch\u00e9type, un commentateur des r\u00e8gles \u00a0; o\u00f9 le tueur lui-m\u00eame, tr\u00e8s conscient de sa nature filmique, se soumet aux principes \u00e9dict\u00e9s. On n&rsquo;a pas fait mieux, dans le style, en mati\u00e8re de second degr\u00e9.<\/p>\n<p>Scream, surtout, c&rsquo;est un vrai bon moment de cin\u00e9ma tout court, port\u00e9 par Neve Campbell, dont l&rsquo;histoire deviendra le principal moteur de la saga. A ses c\u00f4t\u00e9s, une distribution solide, entre Skeet Ulrich, David Arquette, Courteney Cox et Matthew Lillard. Toutes les \u00e9toiles \u00e9taient align\u00e9es, avec un r\u00e9alisateur et un casting de cette qualit\u00e9. Pas pour rien que la projection du film, ce vendredi \u00e0 l&rsquo;UGC, reste une f\u00eate qu&rsquo;il faut absolument c\u00e9l\u00e9brer&#8230;<\/p>\n<p class=\"note\">Ce vendredi 21 novembre \u00e0 19h45 \u00e0 l&rsquo;UGC Cin\u00e9-Cit\u00e9<\/p>\n<p class=\"insetSignature\">N.B.<\/p>\n","protected":false},"excerpt":{"rendered":"Scary vendredi \u00e0 l&rsquo;UGC : Scream, ou comment Wes Craven a r\u00e9invent\u00e9 le slasher Une ado \u00e0 la&hellip;\n","protected":false},"author":2,"featured_media":544959,"comment_status":"","ping_status":"","sticky":false,"template":"","format":"standard","meta":{"footnotes":""},"categories":[2820],"tags":[1111,11,1687,2880,1777,674,3326,107,1011,27,775,12,2661,25,66344,3140,640,2879],"class_list":{"0":"post-544958","1":"post","2":"type-post","3":"status-publish","4":"format-standard","5":"has-post-thumbnail","7":"category-strasbourg","8":"tag-actu","9":"tag-actualites","10":"tag-culture-loisirs","11":"tag-edition-strasbourg","12":"tag-eu","13":"tag-europe","14":"tag-fete-locale","15":"tag-fil-info","16":"tag-fr","17":"tag-france","18":"tag-grand-est","19":"tag-news","20":"tag-patrimoine-culturel","21":"tag-republique-francaise","22":"tag-sorties-du-week-end","23":"tag-spectacle","24":"tag-strasbourg","25":"tag-strasbourg-ville"},"share_on_mastodon":{"url":"https:\/\/pubeurope.com\/@fr\/115577098386575553","error":""},"_links":{"self":[{"href":"https:\/\/www.europesays.com\/fr\/wp-json\/wp\/v2\/posts\/544958","targetHints":{"allow":["GET"]}}],"collection":[{"href":"https:\/\/www.europesays.com\/fr\/wp-json\/wp\/v2\/posts"}],"about":[{"href":"https:\/\/www.europesays.com\/fr\/wp-json\/wp\/v2\/types\/post"}],"author":[{"embeddable":true,"href":"https:\/\/www.europesays.com\/fr\/wp-json\/wp\/v2\/users\/2"}],"replies":[{"embeddable":true,"href":"https:\/\/www.europesays.com\/fr\/wp-json\/wp\/v2\/comments?post=544958"}],"version-history":[{"count":0,"href":"https:\/\/www.europesays.com\/fr\/wp-json\/wp\/v2\/posts\/544958\/revisions"}],"wp:featuredmedia":[{"embeddable":true,"href":"https:\/\/www.europesays.com\/fr\/wp-json\/wp\/v2\/media\/544959"}],"wp:attachment":[{"href":"https:\/\/www.europesays.com\/fr\/wp-json\/wp\/v2\/media?parent=544958"}],"wp:term":[{"taxonomy":"category","embeddable":true,"href":"https:\/\/www.europesays.com\/fr\/wp-json\/wp\/v2\/categories?post=544958"},{"taxonomy":"post_tag","embeddable":true,"href":"https:\/\/www.europesays.com\/fr\/wp-json\/wp\/v2\/tags?post=544958"}],"curies":[{"name":"wp","href":"https:\/\/api.w.org\/{rel}","templated":true}]}}