{"id":544960,"date":"2025-11-19T15:35:13","date_gmt":"2025-11-19T15:35:13","guid":{"rendered":"https:\/\/www.europesays.com\/fr\/544960\/"},"modified":"2025-11-19T15:35:13","modified_gmt":"2025-11-19T15:35:13","slug":"handball-cinq-joueuses-du-strasbourg-ath-appelees-en-selections-avant-les-mondiaux","status":"publish","type":"post","link":"https:\/\/www.europesays.com\/fr\/544960\/","title":{"rendered":"Handball. Cinq joueuses du Strasbourg ATH appel\u00e9es en s\u00e9lections avant les Mondiaux"},"content":{"rendered":"<p>En battant Nice (27-29) apr\u00e8s une s\u00e9rie de sept d\u00e9faites de suite en championnat, <a href=\"https:\/\/www.dna.fr\/encadres\/2025\/11\/13\/division-1-feminine-un-nouvel-elan-pour-le-strasbourg-ath-victorieux-a-nice\" target=\"_blank\" rel=\"noopener\">le Strasbourg ATH s&rsquo;est offert une petite bouff\u00e9e d&rsquo;air frais<\/a>, le 12 novembre.\u00a0De bon augure avant une longue tr\u00eave internationale, pr\u00e9vue jusqu&rsquo;au 3 janvier.<\/p>\n<p>Commenc\u00e9e depuis lundi, cette pause doit permettre aux \u00e9quipes nationales de pr\u00e9parer id\u00e9alement les Mondiaux de handball f\u00e9minin organis\u00e9s en Allemagne et aux Pays-Bas, du 27 novembre au 14 d\u00e9cembre.<\/p>\n<p>Snedkerud et Mostefaoui aux Mondiaux\u00a0?\u00a0\u00a0<\/p>\n<p>Ce lundi, justement, cinq\u00a0Strasbourgeoises\u00a0sont partis rejoindre les rangs de leur \u00e9quipe nationale. Appel\u00e9e par la f\u00e9d\u00e9ration suisse, <a href=\"https:\/\/www.dna.fr\/sport\/2025\/05\/13\/nora-snedkerud-arrive-au-sath\" target=\"_blank\" rel=\"noopener\">la jeune Nora Snedkerud<\/a>, ag\u00e9e de 20 ans, devrait rev\u00eatir le maillot de sa s\u00e9lection d\u00e8s ce jeudi, dans le cadre d&rsquo;un match de pr\u00e9paration\u00a0organis\u00e9e contre\u00a0l&rsquo;Allemagne.<\/p>\n<p>Yosr Mostefaoui, quant \u00e0 elle, a travers\u00e9 la mer M\u00e9dit\u00e9rann\u00e9e pour participer \u00e0 un rassemblement avec la s\u00e9lection tunisienne. Elle pourrait faire partie du groupe qui se pr\u00e9sentera aux Mondiaux, dans la poule des Bleues.<\/p>\n<p>Convoqu\u00e9es par l&rsquo;\u00e9quipe de France, L\u00e9ane Gonzalez, M\u00e9lissa Chantelly et Lyson Sama\u00ee devront encore patienter avant de, peut-\u00eatre un jour, disputer un match avec la formation entra\u00een\u00e9e par S\u00e9bastien Gardillou. Les trois joueuses du SATH participeront \u00e0 un rassemblement avec les U20.\u00a0<\/p>\n","protected":false},"excerpt":{"rendered":"En battant Nice (27-29) apr\u00e8s une s\u00e9rie de sept d\u00e9faites de suite en championnat, le Strasbourg ATH s&rsquo;est&hellip;\n","protected":false},"author":2,"featured_media":544961,"comment_status":"","ping_status":"","sticky":false,"template":"","format":"standard","meta":{"footnotes":""},"categories":[2820],"tags":[1111,11,2649,2880,1777,674,1701,1011,27,775,1792,12,25,517,640,12904],"class_list":{"0":"post-544960","1":"post","2":"type-post","3":"status-publish","4":"format-standard","5":"has-post-thumbnail","7":"category-strasbourg","8":"tag-actu","9":"tag-actualites","10":"tag-bas-rhin","11":"tag-edition-strasbourg","12":"tag-eu","13":"tag-europe","14":"tag-fil-info-sport","15":"tag-fr","16":"tag-france","17":"tag-grand-est","18":"tag-handball","19":"tag-news","20":"tag-republique-francaise","21":"tag-sport","22":"tag-strasbourg","23":"tag-strasbourg-ath"},"share_on_mastodon":{"url":"https:\/\/pubeurope.com\/@fr\/115577102353739093","error":""},"_links":{"self":[{"href":"https:\/\/www.europesays.com\/fr\/wp-json\/wp\/v2\/posts\/544960","targetHints":{"allow":["GET"]}}],"collection":[{"href":"https:\/\/www.europesays.com\/fr\/wp-json\/wp\/v2\/posts"}],"about":[{"href":"https:\/\/www.europesays.com\/fr\/wp-json\/wp\/v2\/types\/post"}],"author":[{"embeddable":true,"href":"https:\/\/www.europesays.com\/fr\/wp-json\/wp\/v2\/users\/2"}],"replies":[{"embeddable":true,"href":"https:\/\/www.europesays.com\/fr\/wp-json\/wp\/v2\/comments?post=544960"}],"version-history":[{"count":0,"href":"https:\/\/www.europesays.com\/fr\/wp-json\/wp\/v2\/posts\/544960\/revisions"}],"wp:featuredmedia":[{"embeddable":true,"href":"https:\/\/www.europesays.com\/fr\/wp-json\/wp\/v2\/media\/544961"}],"wp:attachment":[{"href":"https:\/\/www.europesays.com\/fr\/wp-json\/wp\/v2\/media?parent=544960"}],"wp:term":[{"taxonomy":"category","embeddable":true,"href":"https:\/\/www.europesays.com\/fr\/wp-json\/wp\/v2\/categories?post=544960"},{"taxonomy":"post_tag","embeddable":true,"href":"https:\/\/www.europesays.com\/fr\/wp-json\/wp\/v2\/tags?post=544960"}],"curies":[{"name":"wp","href":"https:\/\/api.w.org\/{rel}","templated":true}]}}