{"id":544962,"date":"2025-11-19T15:36:17","date_gmt":"2025-11-19T15:36:17","guid":{"rendered":"https:\/\/www.europesays.com\/fr\/544962\/"},"modified":"2025-11-19T15:36:17","modified_gmt":"2025-11-19T15:36:17","slug":"celine-maquet-nouvelle-sous-prefete-chargee-de-mission-politique-de-la","status":"publish","type":"post","link":"https:\/\/www.europesays.com\/fr\/544962\/","title":{"rendered":"C\u00e9line Maquet, nouvelle sous-pr\u00e9f\u00e8te charg\u00e9e de mission politique de la (\u2026)"},"content":{"rendered":"<p>                    <img loading=\"lazy\" decoding=\"async\" src=\"https:\/\/www.europesays.com\/fr\/wp-content\/uploads\/2025\/11\/3d98aa4225ecd8c3b6d92d280bd930.png\" class=\"img-responsive post-image\" width=\"680\" height=\"510\" alt=\"C\u00e9line Maquet, nouvelle\" title=\"C\u00e9line Maquet, nouvelle sous-pr\u00e9f\u00e8te charg\u00e9e de mission politique de la ville et politiques sociales aupr\u00e8s du Pr\u00e9fet 06\"\/><\/p>\n<p class=\"chapo\">Par d\u00e9cret du Pr\u00e9sident de la R\u00e9publique en date du 6 novembre 2025, Mme\u00a0C\u00e9line Maquet est nomm\u00e9e sous-pr\u00e9f\u00e8te charg\u00e9e de mission \u2019 Politique de la ville et politiques sociales ( aupr\u00e8s du Pr\u00e9fet des Alpes-Maritimes.<\/p>\n<p>                    Bio express<\/p>\n<p>Native de Seine-Maritime, dipl\u00f4m\u00e9e de droit public et d\u2019administration des collectivit\u00e9s<br class=\"autobr\"\/><br \/>\nlocales, Mme\u00a0C\u00e9line MAQUET d\u00e9bute sa carri\u00e8re au minist\u00e8re de l\u2019Int\u00e9rieur en 1999 tout<br class=\"autobr\"\/><br \/>\nd\u2019abord \u00e0 la Direction G\u00e9n\u00e9rale des Collectivit\u00e9s Locales (DGCL) puis \u00e0 la Direction de la<br class=\"autobr\"\/><br \/>\nModernisation et de l\u2019Action Territoriale (DMAT) jusqu\u2019en mars 2006.<br class=\"autobr\"\/><br \/>\nEn avril 2006, elle int\u00e8gre la pr\u00e9fecture de la Charente-Maritime o\u00f9 elle occupe successivement le poste de charg\u00e9e de mission sur les questions \u00e9conomiques, de cheffe de bureau du contr\u00f4le budg\u00e9taire et des dotations de l\u2019\u00c9tat puis de cheffe de bureau du contr\u00f4le de l\u00e9galit\u00e9.<br class=\"autobr\"\/><br \/>\nEn 2017, Mme\u00a0C\u00e9line MAQUET devient charg\u00e9e de mission\u00a0; d\u00e9veloppement \u00e9conomique, emploi et formation au Secr\u00e9tariat G\u00e9n\u00e9ral pour les Affaires R\u00e9gionales (SGAR) de Guadeloupe et revient en m\u00e9tropole en 2019 en qualit\u00e9 de directrice de la citoyennet\u00e9 et de la l\u00e9galit\u00e9 \u00e0 la pr\u00e9fecture du Var.<br class=\"autobr\"\/><br \/>\nDepuis juillet 2022, Mme\u00a0C\u00e9line MAQUET \u00e9tait sous-pr\u00e9f\u00e8te de l\u2019arrondissement de Blaye.<br class=\"autobr\"\/><br \/>\n(Gironde)<strong> Elle prend ses fonctions dans les Alpes-Maritimes le lundi 1er d\u00e9cembre 2025.<\/strong><\/p>\n<p>Mme\u00a0Jehane BENSEDIRA, actuelle sous-pr\u00e9f\u00e8te charg\u00e9e de mission\u00a0; Politique de la ville et politiques sociales aupr\u00e8s du pr\u00e9fet des Alpes-Maritimes est nomm\u00e9e quant \u00e0 elle sous-pr\u00e9f\u00e8te de Boulogne-sur-Mer (Pas-de-Calais) et prendra ses fonctions le 2 d\u00e9cembre 2025.<\/p>\n<p>Photo de Une\u00a0:  \u00a9Pr\u00e9fecture des A-M<\/p>\n","protected":false},"excerpt":{"rendered":"Par d\u00e9cret du Pr\u00e9sident de la R\u00e9publique en date du 6 novembre 2025, Mme\u00a0C\u00e9line Maquet est nomm\u00e9e sous-pr\u00e9f\u00e8te&hellip;\n","protected":false},"author":2,"featured_media":544963,"comment_status":"","ping_status":"","sticky":false,"template":"","format":"standard","meta":{"footnotes":""},"categories":[2819],"tags":[1111,11,2408,1777,674,1011,27,12,2401,882,25],"class_list":{"0":"post-544962","1":"post","2":"type-post","3":"status-publish","4":"format-standard","5":"has-post-thumbnail","7":"category-nice","8":"tag-actu","9":"tag-actualites","10":"tag-appels-d","11":"tag-eu","12":"tag-europe","13":"tag-fr","14":"tag-france","15":"tag-news","16":"tag-nice","17":"tag-provence-alpes-cote-dazur","18":"tag-republique-francaise"},"share_on_mastodon":{"url":"https:\/\/pubeurope.com\/@fr\/115577107769401373","error":""},"_links":{"self":[{"href":"https:\/\/www.europesays.com\/fr\/wp-json\/wp\/v2\/posts\/544962","targetHints":{"allow":["GET"]}}],"collection":[{"href":"https:\/\/www.europesays.com\/fr\/wp-json\/wp\/v2\/posts"}],"about":[{"href":"https:\/\/www.europesays.com\/fr\/wp-json\/wp\/v2\/types\/post"}],"author":[{"embeddable":true,"href":"https:\/\/www.europesays.com\/fr\/wp-json\/wp\/v2\/users\/2"}],"replies":[{"embeddable":true,"href":"https:\/\/www.europesays.com\/fr\/wp-json\/wp\/v2\/comments?post=544962"}],"version-history":[{"count":0,"href":"https:\/\/www.europesays.com\/fr\/wp-json\/wp\/v2\/posts\/544962\/revisions"}],"wp:featuredmedia":[{"embeddable":true,"href":"https:\/\/www.europesays.com\/fr\/wp-json\/wp\/v2\/media\/544963"}],"wp:attachment":[{"href":"https:\/\/www.europesays.com\/fr\/wp-json\/wp\/v2\/media?parent=544962"}],"wp:term":[{"taxonomy":"category","embeddable":true,"href":"https:\/\/www.europesays.com\/fr\/wp-json\/wp\/v2\/categories?post=544962"},{"taxonomy":"post_tag","embeddable":true,"href":"https:\/\/www.europesays.com\/fr\/wp-json\/wp\/v2\/tags?post=544962"}],"curies":[{"name":"wp","href":"https:\/\/api.w.org\/{rel}","templated":true}]}}