{"id":544966,"date":"2025-11-19T15:38:16","date_gmt":"2025-11-19T15:38:16","guid":{"rendered":"https:\/\/www.europesays.com\/fr\/544966\/"},"modified":"2025-11-19T15:38:16","modified_gmt":"2025-11-19T15:38:16","slug":"pres-de-nantes-quelle-est-cette-jeune-association-qui-milite-pour-lhabitat-leger-et-reversible","status":"publish","type":"post","link":"https:\/\/www.europesays.com\/fr\/544966\/","title":{"rendered":"Pr\u00e8s de Nantes. Quelle est cette jeune association qui milite pour l&rsquo;habitat l\u00e9ger et r\u00e9versible\u00a0?"},"content":{"rendered":"<p>                    Par<br \/>\n        <strong><br \/>\n            <a href=\"https:\/\/actu.fr\/auteur\/herve-pavageau\" title=\"Consulter tous les articles de Herv\u00e9 Pavageau\" target=\"_blank\" rel=\"noopener\">Herv\u00e9 Pavageau<\/a><br \/>\n                    <\/strong><\/p>\n<p>        Publi\u00e9 le<\/p>\n<p>            19 nov. 2025 \u00e0 16h09        <\/p>\n<p>Les fondations sont pos\u00e9es depuis d\u00e9cembre\u00a02021. Sa construction a co\u00efncid\u00e9 avec le lancement de l\u2019\u00e9laboration <b>du Plan local d\u2019urbanisme intercommunal de S\u00e8vre et Loire<\/b>. Un document sur lequel la jeune association a des choses \u00e0 dire et \u00e0 proposer.\u00a0 Pour cause : <b>l\u2019habitat est son champ d\u2019action<\/b> et de travail. <a href=\"https:\/\/www.facebook.com\/habitezautrementensevreetloire\" target=\"_blank\" rel=\"noopener\">Cette association nouvelle dans le territoire<\/a>, qui regroupe une dizaine de personnes, a pour nom : <b>Habitez autrement en S\u00e8vre et Loire. <\/b>Comme son nom l\u2019indique, le collectif promeut toutes les formes d\u2019habitat qui changent de l\u2019habitat traditionnel.<\/p>\n<p class=\" wall-content\">Le mod\u00e8le qu\u2019il d\u00e9fend, c\u2019est l\u2019habitation \u00ab r\u00e9versible, l\u00e9g\u00e8re, d\u00e9montable, participative et d\u00e9pla\u00e7able \u00bb, explique Delphine Legal, cofondatrice.<\/p>\n<p class=\" wall-content\">Un habitat l\u00e9ger dont le statut juridique est aujourd\u2019hui reconnu par la loi ALUR de 2014.<\/p>\n<p>Une r\u00e9glementation \u00ab m\u00e9connue \u00bb<\/p>\n<p class=\" wall-content\">Probl\u00e8me, cette r\u00e9glementation d\u2019urbanisme, qui encadre leur installation, est souvent \u00ab m\u00e9connue des \u00e9lus \u00bb, d\u00e9plore l\u2019association qui entend participer au d\u00e9bat et donner de l\u2019information sur le sujet.<\/p>\n<blockquote class=\"ac-article-quote wall-content\">\n<p>Nos modes de vie n\u2019ont pas \u00e9volu\u00e9. Nos habitats individuels ou collectifs sont les m\u00eames depuis 70 ans. Or ces habitats l\u00e9gers s\u00e9duisent de plus en monde. Pour plusieurs raisons. C\u2019est un logement plus accessible financi\u00e8rement, qui exige moins de mat\u00e9riaux de construction, et pr\u00e9serve mieux les \u00e9cosyst\u00e8mes.<\/p>\n<p>Fabien Mauconduit, membre de l\u2019association<\/p><\/blockquote>\n<p class=\" wall-content\">Malgr\u00e9 plusieurs demandes et des participations aux r\u00e9unions publiques, Habitez autrement en S\u00e8vre et Loire <b>n\u2019a pas \u00e9t\u00e9 associ\u00e9 au travail sur le PLUi<\/b>.<\/p>\n<p class=\" wall-content\">\u00ab On n\u2019a pas r\u00e9ussi \u00e0 avoir un rendez-vous en deux ans \u00bb, regrette Felphine Legal.<\/p>\n<p>Votre r\u00e9gion, votre actu !<\/p>\n<p>Recevez chaque jour les infos qui comptent pour vous.<\/p>\n<p>\t<a href=\"https:\/\/actu.fr\/newsletter\" class=\"ac-btn ac-btn--corner ac-btn--medium ac-btn--blue800\" target=\"_blank\" rel=\"noopener\">S&rsquo;incrire<\/a><\/p>\n<p class=\" wall-content\">L\u2019association militante et citoyenne a apport\u00e9 sa <a href=\"https:\/\/actu.fr\/pays-de-la-loire\/le-loroux-bottereau_44084\/la-population-invitee-a-sexprimer-sur-les-futures-regles-durbanisme-de-ce-territoire-pres-de-nantes_63113253.html\" target=\"_blank\" rel=\"noopener\">contribution \u00e0 l\u2019enqu\u00eate publique sur le plan local d\u2019urbanisme intercommunal<\/a> qui s\u2019est termin\u00e9e le 15\u00a0octobre dernier.<\/p>\n<p>PLUi : avis d\u00e9favorable<\/p>\n<p class=\" wall-content\">\u00c0 l\u2019exception d\u2019une zone d\u00e9di\u00e9e \u00e0 Mouzillon qui doit servir de test, le document ne dit :<\/p>\n<blockquote class=\"ac-article-quote wall-content\">\n<p>Rien de pr\u00e9cis et ne comporte aucune disposition r\u00e9glementaire sp\u00e9cifique relative aux habitats alternatifs.<\/p>\n<p>Ana\u00efs Conin, cofondatrice de l\u2019association.<\/p><\/blockquote>\n<p class=\" wall-content\">L\u2019association a d\u2019ailleurs regrett\u00e9 que ce secteur de 2 500\u00a0m2 r<b>\u00e9serv\u00e9 dans le PLUi \u00e0 l\u2019implantation d\u2019habitats<\/b> sans fondation <a href=\"https:\/\/actu.fr\/pays-de-la-loire\/mouzillon_44108\" target=\"_blank\" rel=\"noopener\">\u00e0 Mouzillon<\/a> puisse aussi accueillir des\u00a0services recevant du public : bureaux, \u00e9quipements publics, commerces\u2026<\/p>\n<p class=\" wall-content\">Probl\u00e8me, \u00ab aucune mention, ni restriction sur le type de construction autoris\u00e9 (avec ou sans fondation) ne sont faites dans le document d\u2019urbanisme \u00bb, rel\u00e8ve l\u2019association pour qui la disposition d\u00e9tourne \u00ab ainsi l\u2019esprit initial de l\u2019habitat r\u00e9versible \u00bb.<\/p>\n<p>    <img   decoding=\"async\" loading=\"lazy\" class=\"size-large\" src=\"https:\/\/www.europesays.com\/fr\/wp-content\/uploads\/2025\/11\/b867ac5a63096bc67ac5a63098077av-960x640.jpg\" alt=\"R\u00e9union publique\" width=\"960\" height=\"640\"\/><br \/>\n    L\u2019association a organis\u00e9 une r\u00e9union publique en octobre dernier \u00e0 Vallet. \u00a9HSM<\/p>\n<p class=\" wall-content\">L\u2019autre critique majeure concerne les Stecal : Secteurs de taille et de capacit\u00e9 d\u2019accueil limit\u00e9es.<\/p>\n<p class=\" wall-content\">Le projet de PLUI en d\u00e9nombre 43 dans le territoire.<\/p>\n<p class=\" wall-content\">Aucun \u00ab n\u2019est destin\u00e9 \u00e0 accueillir des habitats li\u00e9s \u00e0 l\u2019activit\u00e9 agricole, permettant la construction d\u2019un logement r\u00e9versible \u00bb, condamne l\u2019association <b>qui a donn\u00e9 un avis d\u00e9favorable lors de l\u2019enqu\u00eate publique.<\/b><\/p>\n<p>Accompagner et informer<\/p>\n<p class=\" wall-content\">Pour le collectif, la collectivit\u00e9 est frileuse et va m\u00eame \u00ab \u00e0 reculons \u00bb sur la question des habitats l\u00e9gers, \u00ab alors qu\u2019il y a une demande \u00bb, mart\u00e8le Fabien Mauconduit.<\/p>\n<p class=\" wall-content\">Ancr\u00e9e sur le territoire, Habitez autrement en S\u00e8vre et Loire veut jouer <b>un r\u00f4le actif d\u2019accompagnement et d\u2019information.<\/b><\/p>\n<p class=\" wall-content\">En octobre, elle a organis\u00e9 une <b>r\u00e9union publique<\/b> qui a r\u00e9uni une vingtaine de personnes.<\/p>\n<p class=\" wall-content\">Le collectif projette aussi d\u2019organiser deux \u00e0 trois fois par an des \u00e9v\u00e9nements et des pr\u00e9sentations de logement diff\u00e9rent.<\/p>\n<p class=\" wall-content\">Les id\u00e9es ne manquent pas.<\/p>\n<p class=\" wall-content\">Car en mati\u00e8re d\u2019habitat l\u00e9ger, tout est \u00e0 construire sur le territoire.<\/p>\n<p>Pour contacter Habitez autrement en S\u00e8vre et Loire, association pour la promotion et la reconnaissance des habitats alternatifs : <a href=\"https:\/\/actu.fr\/cdn-cgi\/l\/email-protection\" class=\"__cf_email__\" data-cfemail=\"6b030a09021f0e110a1e1f190e060e051f2b1b19041f0405060a020745080406\" target=\"_blank\" rel=\"noopener\">[email\u00a0protected]<\/a> ou 06 22 85 61 30.<\/p>\n<p class=\" wall-content\">Personnalisez votre actualit\u00e9 en ajoutant vos villes et m\u00e9dias en favori avec <a href=\"https:\/\/moncompte.actu.fr\" title=\"D\u00e9couvez Mon Actu\" rel=\"nofollow noopener\" data-trk=\"{&quot;cta&quot;:{&quot;action&quot;:&quot;https:\\\/\\\/moncompte.actu.fr&quot;,&quot;category&quot;:&quot;mon compte&quot;,&quot;from&quot;:&quot;article footer&quot;,&quot;name&quot;:&quot;Mon actu&quot;,&quot;type&quot;:&quot;cta&quot;}}\" target=\"_blank\">Mon Actu<\/a>.<\/p>\n","protected":false},"excerpt":{"rendered":"Par Herv\u00e9 Pavageau Publi\u00e9 le 19 nov. 2025 \u00e0 16h09 Les fondations sont pos\u00e9es depuis d\u00e9cembre\u00a02021. Sa construction&hellip;\n","protected":false},"author":2,"featured_media":544967,"comment_status":"","ping_status":"","sticky":false,"template":"","format":"standard","meta":{"footnotes":""},"categories":[2818],"tags":[1111,11,1777,674,1011,27,1908,766,12,2636,25,104,2900],"class_list":{"0":"post-544966","1":"post","2":"type-post","3":"status-publish","4":"format-standard","5":"has-post-thumbnail","7":"category-nantes","8":"tag-actu","9":"tag-actualites","10":"tag-eu","11":"tag-europe","12":"tag-fr","13":"tag-france","14":"tag-logement","15":"tag-nantes","16":"tag-news","17":"tag-pays-de-la-loire","18":"tag-republique-francaise","19":"tag-societe","20":"tag-vignoble-nantais"},"share_on_mastodon":{"url":"https:\/\/pubeurope.com\/@fr\/115577114893583020","error":""},"_links":{"self":[{"href":"https:\/\/www.europesays.com\/fr\/wp-json\/wp\/v2\/posts\/544966","targetHints":{"allow":["GET"]}}],"collection":[{"href":"https:\/\/www.europesays.com\/fr\/wp-json\/wp\/v2\/posts"}],"about":[{"href":"https:\/\/www.europesays.com\/fr\/wp-json\/wp\/v2\/types\/post"}],"author":[{"embeddable":true,"href":"https:\/\/www.europesays.com\/fr\/wp-json\/wp\/v2\/users\/2"}],"replies":[{"embeddable":true,"href":"https:\/\/www.europesays.com\/fr\/wp-json\/wp\/v2\/comments?post=544966"}],"version-history":[{"count":0,"href":"https:\/\/www.europesays.com\/fr\/wp-json\/wp\/v2\/posts\/544966\/revisions"}],"wp:featuredmedia":[{"embeddable":true,"href":"https:\/\/www.europesays.com\/fr\/wp-json\/wp\/v2\/media\/544967"}],"wp:attachment":[{"href":"https:\/\/www.europesays.com\/fr\/wp-json\/wp\/v2\/media?parent=544966"}],"wp:term":[{"taxonomy":"category","embeddable":true,"href":"https:\/\/www.europesays.com\/fr\/wp-json\/wp\/v2\/categories?post=544966"},{"taxonomy":"post_tag","embeddable":true,"href":"https:\/\/www.europesays.com\/fr\/wp-json\/wp\/v2\/tags?post=544966"}],"curies":[{"name":"wp","href":"https:\/\/api.w.org\/{rel}","templated":true}]}}