{"id":544968,"date":"2025-11-19T15:39:18","date_gmt":"2025-11-19T15:39:18","guid":{"rendered":"https:\/\/www.europesays.com\/fr\/544968\/"},"modified":"2025-11-19T15:39:18","modified_gmt":"2025-11-19T15:39:18","slug":"chu-de-nantes-decouvrez-le-nom-du-futur-hopital","status":"publish","type":"post","link":"https:\/\/www.europesays.com\/fr\/544968\/","title":{"rendered":"CHU de Nantes : d\u00e9couvrez le nom du futur h\u00f4pital"},"content":{"rendered":"<p>                    Par<br \/>\n        <strong><br \/>\n            <a href=\"https:\/\/actu.fr\/auteur\/laure-gentil\" title=\"Consulter tous les articles de Laure Gentil\" rel=\"nofollow noopener\" target=\"_blank\">Laure Gentil<\/a><br \/>\n                    <\/strong><\/p>\n<p>        Publi\u00e9 le<\/p>\n<p>            19 nov. 2025 \u00e0 16h04        <\/p>\n<p>En construction depuis 2022, <a href=\"https:\/\/actu.fr\/pays-de-la-loire\/nantes_44109\/futur-chu-de-nantes-les-images-d-un-chantier-titanesque-a-plus-d-un-milliard-d-euros_62203876.html\" rel=\"nofollow noopener\" target=\"_blank\">le nouvel h\u00f4pital de Nantes <\/a>a officiellement un nom. Celui-ci a \u00e9t\u00e9 choisi suite \u00e0 un vote de pr\u00e8s de \u00ab\u200910\u2009000 citoyens, professionnels et usagers\u2009\u00bb\u2009:<b> l\u2019H\u00f4pital Loire Sant\u00e9<\/b>. \u00ab\u2009Un choix qui refl\u00e8te la volont\u00e9 collective d\u2019ancrer le futur \u00e9tablissement dans son territoire\u00a0et de f\u00e9d\u00e9rer autour de la Loire, marqueur fort de notre ville et de notre r\u00e9gion\u2009\u00bb, indique le CHU dans un communiqu\u00e9. La date d\u2019ouverture est toujours <b>pr\u00e9vue pour 2027.<\/b><\/p>\n<p>Deux propositions de nom<\/p>\n<p class=\" wall-content\">Au printemps 2025, \u00ab\u2009quelques dizaines de professionnels tir\u00e9s au sort et repr\u00e9sentant la diversit\u00e9 des m\u00e9tiers du CHU\u2009\u00bb se sont r\u00e9unies pour proposer des noms. Deux propositions se sont alors d\u00e9marqu\u00e9es\u2009:<\/p>\n<ul class=\" wall-content\">\n<li>CHU de Nantes \u2013 Quartier de la sant\u00e9.<\/li>\n<li>CHU de Nantes \u2013 H\u00f4pital Loire Sant\u00e9.<\/li>\n<\/ul>\n<p class=\" wall-content\">Cet \u00e9t\u00e9, ces propositions ont \u00e9t\u00e9 soumises \u00ab\u2009au vote des professionnels du CHU et du grand public, en physique et en ligne\u2009\u00bb.<\/p>\n<blockquote class=\"ac-article-quote wall-content\">\n<p>Le vote avait \u00e9t\u00e9 lanc\u00e9 durant les portes ouvertes du chantier d\u00e9but juin o\u00f9 plusieurs milliers de visiteurs avaient pu choisir leur nom favori.<\/p>\n<p>CHU de Nantes<\/p><\/blockquote>\n<p class=\" wall-content\">Selon la direction du CHU, le nom ne d\u00e9signe pas que le nouvel h\u00f4pital\u2009: \u00ab\u2009il est aussi utile pour installer un rep\u00e8re dans l\u2019espace et dans l\u2019esprit des habitants\u2009\u00bb.<\/p>\n<p class=\" wall-content\">Personnalisez votre actualit\u00e9 en ajoutant vos villes et m\u00e9dias en favori avec <a href=\"https:\/\/moncompte.actu.fr\" title=\"D\u00e9couvez Mon Actu\" rel=\"nofollow noopener\" data-trk=\"{&quot;cta&quot;:{&quot;action&quot;:&quot;https:\\\/\\\/moncompte.actu.fr&quot;,&quot;category&quot;:&quot;mon compte&quot;,&quot;from&quot;:&quot;article footer&quot;,&quot;name&quot;:&quot;Mon actu&quot;,&quot;type&quot;:&quot;cta&quot;}}\" target=\"_blank\">Mon Actu<\/a>.<\/p>\n","protected":false},"excerpt":{"rendered":"Par Laure Gentil Publi\u00e9 le 19 nov. 2025 \u00e0 16h04 En construction depuis 2022, le nouvel h\u00f4pital de&hellip;\n","protected":false},"author":2,"featured_media":544969,"comment_status":"","ping_status":"","sticky":false,"template":"","format":"standard","meta":{"footnotes":""},"categories":[2818],"tags":[1111,11,7426,1777,674,1011,27,766,12,2636,25,71,104,2086],"class_list":{"0":"post-544968","1":"post","2":"type-post","3":"status-publish","4":"format-standard","5":"has-post-thumbnail","7":"category-nantes","8":"tag-actu","9":"tag-actualites","10":"tag-chu-de-nantes","11":"tag-eu","12":"tag-europe","13":"tag-fr","14":"tag-france","15":"tag-nantes","16":"tag-news","17":"tag-pays-de-la-loire","18":"tag-republique-francaise","19":"tag-sante","20":"tag-societe","21":"tag-travaux"},"share_on_mastodon":{"url":"https:\/\/pubeurope.com\/@fr\/115577118038400609","error":""},"_links":{"self":[{"href":"https:\/\/www.europesays.com\/fr\/wp-json\/wp\/v2\/posts\/544968","targetHints":{"allow":["GET"]}}],"collection":[{"href":"https:\/\/www.europesays.com\/fr\/wp-json\/wp\/v2\/posts"}],"about":[{"href":"https:\/\/www.europesays.com\/fr\/wp-json\/wp\/v2\/types\/post"}],"author":[{"embeddable":true,"href":"https:\/\/www.europesays.com\/fr\/wp-json\/wp\/v2\/users\/2"}],"replies":[{"embeddable":true,"href":"https:\/\/www.europesays.com\/fr\/wp-json\/wp\/v2\/comments?post=544968"}],"version-history":[{"count":0,"href":"https:\/\/www.europesays.com\/fr\/wp-json\/wp\/v2\/posts\/544968\/revisions"}],"wp:featuredmedia":[{"embeddable":true,"href":"https:\/\/www.europesays.com\/fr\/wp-json\/wp\/v2\/media\/544969"}],"wp:attachment":[{"href":"https:\/\/www.europesays.com\/fr\/wp-json\/wp\/v2\/media?parent=544968"}],"wp:term":[{"taxonomy":"category","embeddable":true,"href":"https:\/\/www.europesays.com\/fr\/wp-json\/wp\/v2\/categories?post=544968"},{"taxonomy":"post_tag","embeddable":true,"href":"https:\/\/www.europesays.com\/fr\/wp-json\/wp\/v2\/tags?post=544968"}],"curies":[{"name":"wp","href":"https:\/\/api.w.org\/{rel}","templated":true}]}}