{"id":544982,"date":"2025-11-19T15:46:13","date_gmt":"2025-11-19T15:46:13","guid":{"rendered":"https:\/\/www.europesays.com\/fr\/544982\/"},"modified":"2025-11-19T15:46:13","modified_gmt":"2025-11-19T15:46:13","slug":"lhistoire-de-max-juvenal-figure-aixoise-de-la-resistance-racontee-a-travers-une-conference-a-marseille","status":"publish","type":"post","link":"https:\/\/www.europesays.com\/fr\/544982\/","title":{"rendered":"L&rsquo;histoire de Max Juvenal, figure aixoise de la R\u00e9sistance, racont\u00e9e \u00e0 travers une conf\u00e9rence \u00e0 Marseille"},"content":{"rendered":"<p>L&rsquo;Aixois Max Juvenal fut <a href=\"https:\/\/www.laprovence.com\/article\/region\/1965763060974615\/maillon-essentiel-de-la-resistance-dans-la-region-la-vie-de-laixois-max-juvenal-n-a-tenu-qu-a-un-fil\" target=\"_blank\" rel=\"noopener\">un maillon essentiel de la R\u00e9sistance<\/a> dans la r\u00e9gion. Sous les pseudonymes \u00ab\u00a0Maxence\u00a0\u00bb et \u00ab\u00a0Ovide\u00a0\u00bb, il devient chef de la r\u00e9gion R2 des Mouvements unis de la R\u00e9sistance (MUR), couvrant tout le sud-est de la France. En mai\u00a01944, il est l&rsquo;un des signataires des <a href=\"https:\/\/www.laprovence.com\/article\/region\/34813264205089\/il-y-a-quatre-vingts-ans-la-resistance-signait-les-accords-barcelonnette-saretto\" target=\"_blank\" rel=\"noopener\">accords de Saretto<\/a>, scellant une coop\u00e9ration historique entre les r\u00e9sistances fran\u00e7aise et italienne. \u00c0 plusieurs reprises, sa vie ne tient qu&rsquo;\u00e0 un fil, comme lorsqu&rsquo;il fut bless\u00e9 par trois balles le 19\u00a0ao\u00fbt\u00a01944 aux alentours d&rsquo;Aix, juste avant la lib\u00e9ration de la ville.<\/p>\n<p>Quelques jours plus tard, il est transport\u00e9 en ambulance \u00e0 la pr\u00e9fecture de Marseille, o\u00f9 il r\u00e9cup\u00e8re la t\u00eate du comit\u00e9 d\u00e9partemental de la lib\u00e9ration des Bouches-du-Rh\u00f4ne. Il donnera ses ordres depuis la civi\u00e8re o\u00f9 il doit, dans les premiers temps, rester allong\u00e9. Toute cette histoire, Jennifer Juvenal, petite-fille de celui qui fut aussi, apr\u00e8s la guerre, d\u00e9put\u00e9 et pr\u00e9sident du conseil g\u00e9n\u00e9ral des Bouches-du-Rh\u00f4ne, la racontera lors d&rsquo;une conf\u00e9rence organis\u00e9e jeudi 20 novembre \u00e0 14 heures \u00e0 la Maison du combattant, boulevard de la Corderie \u00e0 Marseille.<\/p>\n","protected":false},"excerpt":{"rendered":"L&rsquo;Aixois Max Juvenal fut un maillon essentiel de la R\u00e9sistance dans la r\u00e9gion. Sous les pseudonymes \u00ab\u00a0Maxence\u00a0\u00bb et&hellip;\n","protected":false},"author":2,"featured_media":544983,"comment_status":"","ping_status":"","sticky":false,"template":"","format":"standard","meta":{"footnotes":""},"categories":[2814],"tags":[17,1111,11,47685,1777,674,36520,1011,27,66347,23058,884,5549,12,882,15386,25,9855,104],"class_list":{"0":"post-544982","1":"post","2":"type-post","3":"status-publish","4":"format-standard","5":"has-post-thumbnail","7":"category-marseille","8":"tag-17","9":"tag-actu","10":"tag-actualites","11":"tag-aixoise","12":"tag-eu","13":"tag-europe","14":"tag-figure","15":"tag-fr","16":"tag-france","17":"tag-juvenal","18":"tag-lhistoire","19":"tag-marseille","20":"tag-max","21":"tag-news","22":"tag-provence-alpes-cote-dazur","23":"tag-racontee","24":"tag-republique-francaise","25":"tag-resistance","26":"tag-societe"},"share_on_mastodon":{"url":"https:\/\/pubeurope.com\/@fr\/115577145603250692","error":""},"_links":{"self":[{"href":"https:\/\/www.europesays.com\/fr\/wp-json\/wp\/v2\/posts\/544982","targetHints":{"allow":["GET"]}}],"collection":[{"href":"https:\/\/www.europesays.com\/fr\/wp-json\/wp\/v2\/posts"}],"about":[{"href":"https:\/\/www.europesays.com\/fr\/wp-json\/wp\/v2\/types\/post"}],"author":[{"embeddable":true,"href":"https:\/\/www.europesays.com\/fr\/wp-json\/wp\/v2\/users\/2"}],"replies":[{"embeddable":true,"href":"https:\/\/www.europesays.com\/fr\/wp-json\/wp\/v2\/comments?post=544982"}],"version-history":[{"count":0,"href":"https:\/\/www.europesays.com\/fr\/wp-json\/wp\/v2\/posts\/544982\/revisions"}],"wp:featuredmedia":[{"embeddable":true,"href":"https:\/\/www.europesays.com\/fr\/wp-json\/wp\/v2\/media\/544983"}],"wp:attachment":[{"href":"https:\/\/www.europesays.com\/fr\/wp-json\/wp\/v2\/media?parent=544982"}],"wp:term":[{"taxonomy":"category","embeddable":true,"href":"https:\/\/www.europesays.com\/fr\/wp-json\/wp\/v2\/categories?post=544982"},{"taxonomy":"post_tag","embeddable":true,"href":"https:\/\/www.europesays.com\/fr\/wp-json\/wp\/v2\/tags?post=544982"}],"curies":[{"name":"wp","href":"https:\/\/api.w.org\/{rel}","templated":true}]}}