{"id":544987,"date":"2025-11-19T15:50:25","date_gmt":"2025-11-19T15:50:25","guid":{"rendered":"https:\/\/www.europesays.com\/fr\/544987\/"},"modified":"2025-11-19T15:50:25","modified_gmt":"2025-11-19T15:50:25","slug":"les-anciens-arrets-de-bus-transformes-en-abris-pietons-vegetalises-avec-plantes-grimpantes-et-balancelles","status":"publish","type":"post","link":"https:\/\/www.europesays.com\/fr\/544987\/","title":{"rendered":"les anciens arr\u00eats de bus transform\u00e9s en \u00ab\u00a0abris pi\u00e9tons v\u00e9g\u00e9talis\u00e9s\u00a0\u00bb, avec plantes grimpantes et balancelles"},"content":{"rendered":"<p>Silence, \u00e7a pousse rue de la R\u00e9publique\u00a0! Devenue int\u00e9gralement pi\u00e9tonne cet \u00e9t\u00e9 dans le cadre de la nouvelle zone \u00e0 trafic limit\u00e9 (ZTL) &#8211; dispositif port\u00e9 par les \u00c9cologistes visant \u00e0 restreindre le transit automobile du nord de la place Bellecour aux Pentes de la Croix-Rousse &#8211; l\u2019art\u00e8re centrale de la Presqu\u2019\u00eele n\u2019a plus besoin de ses abris bus, d\u00e9sormais obsol\u00e8tes.<\/p>\n<p>  La structure d\u2019origine reste<\/p>\n<p>Mais plut\u00f4t que de s\u2019en d\u00e9barrasser, il a \u00e9t\u00e9 d\u00e9cid\u00e9 de les transformer. \u00ab\u00a0On va en faire des abris pi\u00e9tons v\u00e9g\u00e9talis\u00e9s\u00a0\u00bb, nous expliquent les \u00e9quipes du prestataire JCDeacaux ce mercredi matin. \u00c0 pied d\u2019\u0153uvre depuis quelques jours, elles installent \u00e0 l\u2019int\u00e9rieur du mobilier urbain des grillages sur lesquels s\u2019entrem\u00ealeront bient\u00f4t diverses plantes grimpantes.<\/p>\n<p>La structure d\u2019origine reste, les panneaux publicitaires \u00e9galement. Selon un responsable de chantier, six anciens arr\u00eats de bus au total sont concern\u00e9s par ce projet qui semble avant tout esth\u00e9tique. \u00ab\u00a0En plus des murets v\u00e9g\u00e9taux, on installera aussi des balancelles\u00a0\u00bb, pr\u00e9cise une employ\u00e9e. Le tout devrait \u00eatre achev\u00e9 \u00ab\u00a0d\u2019ici deux semaines environ\u00a0\u00bb.<\/p>\n","protected":false},"excerpt":{"rendered":"Silence, \u00e7a pousse rue de la R\u00e9publique\u00a0! Devenue int\u00e9gralement pi\u00e9tonne cet \u00e9t\u00e9 dans le cadre de la nouvelle&hellip;\n","protected":false},"author":2,"featured_media":544988,"comment_status":"","ping_status":"","sticky":false,"template":"","format":"standard","meta":{"footnotes":""},"categories":[1889],"tags":[1111,11,2430,3542,2757,436,1777,674,1011,27,2428,2756,12,316,25,2429,2803],"class_list":{"0":"post-544987","1":"post","2":"type-post","3":"status-publish","4":"format-standard","5":"has-post-thumbnail","7":"category-lyon","8":"tag-actu","9":"tag-actualites","10":"tag-auvergne-rhone-alpes","11":"tag-circulation","12":"tag-edition-lyon-villeurbanne","13":"tag-environnement","14":"tag-eu","15":"tag-europe","16":"tag-fr","17":"tag-france","18":"tag-lyon","19":"tag-lyon-bassin","20":"tag-news","21":"tag-politique","22":"tag-republique-francaise","23":"tag-rhone","24":"tag-transport"},"share_on_mastodon":{"url":"https:\/\/pubeurope.com\/@fr\/115577161213330839","error":""},"_links":{"self":[{"href":"https:\/\/www.europesays.com\/fr\/wp-json\/wp\/v2\/posts\/544987","targetHints":{"allow":["GET"]}}],"collection":[{"href":"https:\/\/www.europesays.com\/fr\/wp-json\/wp\/v2\/posts"}],"about":[{"href":"https:\/\/www.europesays.com\/fr\/wp-json\/wp\/v2\/types\/post"}],"author":[{"embeddable":true,"href":"https:\/\/www.europesays.com\/fr\/wp-json\/wp\/v2\/users\/2"}],"replies":[{"embeddable":true,"href":"https:\/\/www.europesays.com\/fr\/wp-json\/wp\/v2\/comments?post=544987"}],"version-history":[{"count":0,"href":"https:\/\/www.europesays.com\/fr\/wp-json\/wp\/v2\/posts\/544987\/revisions"}],"wp:featuredmedia":[{"embeddable":true,"href":"https:\/\/www.europesays.com\/fr\/wp-json\/wp\/v2\/media\/544988"}],"wp:attachment":[{"href":"https:\/\/www.europesays.com\/fr\/wp-json\/wp\/v2\/media?parent=544987"}],"wp:term":[{"taxonomy":"category","embeddable":true,"href":"https:\/\/www.europesays.com\/fr\/wp-json\/wp\/v2\/categories?post=544987"},{"taxonomy":"post_tag","embeddable":true,"href":"https:\/\/www.europesays.com\/fr\/wp-json\/wp\/v2\/tags?post=544987"}],"curies":[{"name":"wp","href":"https:\/\/api.w.org\/{rel}","templated":true}]}}