{"id":54499,"date":"2025-04-26T13:37:08","date_gmt":"2025-04-26T13:37:08","guid":{"rendered":"https:\/\/www.europesays.com\/fr\/54499\/"},"modified":"2025-04-26T13:37:08","modified_gmt":"2025-04-26T13:37:08","slug":"une-puissante-explosion-dans-le-port-de-bandar-abbas-au-sud-du-pays-liberation","status":"publish","type":"post","link":"https:\/\/www.europesays.com\/fr\/54499\/","title":{"rendered":"une puissante explosion dans le port de Bandar Abbas, au sud du pays \u2013 Lib\u00e9ration"},"content":{"rendered":"<p class=\"sc-ksZaOG ehjQrN text-element\">Une \u00abpuissante explosion\u00bb en Iran a fait samedi au moins quatre morts, et plus de 500 bless\u00e9s, dans un port cl\u00e9 du sud du pays, ont rapport\u00e9 les m\u00e9dias d\u2019Etat, pr\u00e9cisant qu\u2019une enqu\u00eate avait \u00e9t\u00e9 ouverte sur les causes du sinistre, encore ind\u00e9termin\u00e9es.<\/p>\n<p class=\"sc-ksZaOG ehjQrN text-element\">Des images de l\u2019agence de presse officielle Irna ont montr\u00e9 des secouristes affluer sur les lieux, d\u2019o\u00f9 s\u2019\u00e9l\u00e8ve une \u00e9paisse colonne de fum\u00e9e noire, et un homme bless\u00e9, le visage en sang, pr\u00e8s d\u2019un camion sur un axe routier proche du port. Une voiture couverte de taches de sang est encastr\u00e9e dans un poids lourd.<\/p>\n<p class=\"sc-ksZaOG ehjQrN text-element\">\u00ab516 personnes ont \u00e9t\u00e9 bless\u00e9es et des centaines ont \u00e9t\u00e9 transf\u00e9r\u00e9es vers des centres m\u00e9dicaux\u00bb, avait indiqu\u00e9 la t\u00e9l\u00e9vision d\u2019Etat, qui a diffus\u00e9 des images montrant des h\u00e9licopt\u00e8res d\u00e9ploy\u00e9s pour tenter d\u2019\u00e9teindre l\u2019incendie, avant ce nouveau bilan.<\/p>\n<p class=\"sc-ksZaOG ehjQrN text-element\">\u00abL\u2019onde de choc a \u00e9t\u00e9 si forte que la plupart des b\u00e2timents du port ont \u00e9t\u00e9 gravement endommag\u00e9s\u00bb, a indiqu\u00e9 <a href=\"https:\/\/www.tasnimnews.com\/en\/news\/2025\/04\/26\/3299281\/blast-shakes-iran-s-southern-port\" target=\"_blank\" rel=\"nofollow noopener\" title=\"https:\/\/www.tasnimnews.com\/en\/news\/2025\/04\/26\/3299281\/blast-shakes-iran-s-southern-port\">l\u2019agence de presse Tasnim<\/a>. Selon des images publi\u00e9es sur les r\u00e9seaux sociaux, l\u2019intensit\u00e9 de l\u2019explosion \u00e9tait telle que les fen\u00eatres des environs ont \u00e9t\u00e9 bris\u00e9es et les voitures gar\u00e9es ont \u00e9t\u00e9 endommag\u00e9es. Des m\u00e9dias locaux rapportent que l\u2019explosion a fait trembler le sol et que son bruit a \u00e9t\u00e9 entendu dans les villes voisines. Selon <a href=\"https:\/\/en.mehrnews.com\/news\/231045\/Massive-explosion-hits-southern-Iran\" target=\"_blank\" rel=\"nofollow noopener\" title=\"https:\/\/en.mehrnews.com\/news\/231045\/Massive-explosion-hits-southern-Iran\">l\u2019agence iranienne Mehr News<\/a>, ce serait un r\u00e9servoir \u00e0 carburant qui aurait explos\u00e9.<\/p>\n<p class=\"sc-ksZaOG ehjQrN text-element\">Parall\u00e8lement, des discussions sur le <a href=\"https:\/\/www.liberation.fr\/international\/moyen-orient\/des-pourparlers-entre-les-etats-unis-et-liran-au-sujet-du-nucleaire-ce-samedi-a-rome-20250419_ULQTGL6ALBDJRI4SI4FJX24DX4\/\" target=\"_blank\" rel=\"nofollow noopener\" title=\"https:\/\/www.liberation.fr\/international\/moyen-orient\/des-pourparlers-entre-les-etats-unis-et-liran-au-sujet-du-nucleaire-ce-samedi-a-rome-20250419_ULQTGL6ALBDJRI4SI4FJX24DX4\/\">nucl\u00e9aire iranien<\/a> ont lieu en ce moment \u00e0 Oman entre Iraniens et Am\u00e9ricains.<\/p>\n<p class=\"sc-ksZaOG ehjQrN text-element\"><b>Mise \u00e0 jour <\/b>\u00e0 15 h 26<b> <\/b>avec le nouveau bilan humain.<\/p>\n","protected":false},"excerpt":{"rendered":"Une \u00abpuissante explosion\u00bb en Iran a fait samedi au moins quatre morts, et plus de 500 bless\u00e9s, dans&hellip;\n","protected":false},"author":2,"featured_media":54500,"comment_status":"","ping_status":"","sticky":false,"template":"","format":"standard","meta":{"footnotes":""},"categories":[2],"tags":[11,1011,27,3019,12,25],"class_list":{"0":"post-54499","1":"post","2":"type-post","3":"status-publish","4":"format-standard","5":"has-post-thumbnail","7":"category-actualites","8":"tag-actualites","9":"tag-fr","10":"tag-france","11":"tag-iran","12":"tag-news","13":"tag-republique-francaise"},"share_on_mastodon":{"url":"https:\/\/pubeurope.com\/@fr\/114404540016731553","error":""},"_links":{"self":[{"href":"https:\/\/www.europesays.com\/fr\/wp-json\/wp\/v2\/posts\/54499","targetHints":{"allow":["GET"]}}],"collection":[{"href":"https:\/\/www.europesays.com\/fr\/wp-json\/wp\/v2\/posts"}],"about":[{"href":"https:\/\/www.europesays.com\/fr\/wp-json\/wp\/v2\/types\/post"}],"author":[{"embeddable":true,"href":"https:\/\/www.europesays.com\/fr\/wp-json\/wp\/v2\/users\/2"}],"replies":[{"embeddable":true,"href":"https:\/\/www.europesays.com\/fr\/wp-json\/wp\/v2\/comments?post=54499"}],"version-history":[{"count":0,"href":"https:\/\/www.europesays.com\/fr\/wp-json\/wp\/v2\/posts\/54499\/revisions"}],"wp:featuredmedia":[{"embeddable":true,"href":"https:\/\/www.europesays.com\/fr\/wp-json\/wp\/v2\/media\/54500"}],"wp:attachment":[{"href":"https:\/\/www.europesays.com\/fr\/wp-json\/wp\/v2\/media?parent=54499"}],"wp:term":[{"taxonomy":"category","embeddable":true,"href":"https:\/\/www.europesays.com\/fr\/wp-json\/wp\/v2\/categories?post=54499"},{"taxonomy":"post_tag","embeddable":true,"href":"https:\/\/www.europesays.com\/fr\/wp-json\/wp\/v2\/tags?post=54499"}],"curies":[{"name":"wp","href":"https:\/\/api.w.org\/{rel}","templated":true}]}}