{"id":544993,"date":"2025-11-19T15:55:12","date_gmt":"2025-11-19T15:55:12","guid":{"rendered":"https:\/\/www.europesays.com\/fr\/544993\/"},"modified":"2025-11-19T15:55:12","modified_gmt":"2025-11-19T15:55:12","slug":"paris-cinq-ans-de-prison-pour-lauteur-du-refus-dobtemperer-dont-la-passagere-avait-ete-tuee-par-la-police","status":"publish","type":"post","link":"https:\/\/www.europesays.com\/fr\/544993\/","title":{"rendered":"Paris : Cinq ans de prison pour l\u2019auteur du refus d\u2019obtemp\u00e9rer dont la passag\u00e8re avait \u00e9t\u00e9 tu\u00e9e par la police"},"content":{"rendered":"<p class=\"mb-4 text-lg md:leading-8 break-words\"><strong>proc\u00e8s &#8211; L\u2019auteur d\u2019un refus d\u2019obtemp\u00e9rer en juin 2022 \u00e0 Paris a \u00e9t\u00e9 condamn\u00e9 mercredi \u00e0 cinq ans d\u2019emprisonnement dont 18 mois avec sursis. Sa passag\u00e8re de 21 ans avait \u00e9t\u00e9 tu\u00e9e par la police<\/strong><\/p>\n<p class=\"mb-4 text-lg md:leading-8 break-words\">Cinq ans d\u2019emprisonnement, dont dix-huit mois avec sursis. C\u2019est la peine dont a \u00e9cop\u00e9 un conducteur coupable d\u2019un refus d\u2019obtemp\u00e9rer en juin 2022 \u00e0 <a href=\"https:\/\/www.20minutes.fr\/paris\/?at_medium=RSS%20feed&amp;at_campaign=ynews&amp;utm_source=yahoo&amp;utm_medium=rss&amp;utm_campaign=news_feed&amp;utm_content=in_article_link\" rel=\"nofollow noopener\" target=\"_blank\" data-ylk=\"slk:Paris;elm:context_link;itc:0;sec:content-canvas\" class=\"link \">Paris<\/a>. Il avait \u00e9t\u00e9 <a href=\"https:\/\/www.20minutes.fr\/paris\/3302311-20220604-paris-policiers-velo-tirent-voiture-deux-blesses-graves?at_medium=RSS%20feed&amp;at_campaign=ynews&amp;utm_source=yahoo&amp;utm_medium=rss&amp;utm_campaign=news_feed&amp;utm_content=in_article_link\" rel=\"nofollow noopener\" target=\"_blank\" data-ylk=\"slk:pris en chasse par des policiers qui avaient tir\u00e9 sur son v\u00e9hicule;elm:context_link;itc:0;sec:content-canvas\" class=\"link \">pris en chasse par des policiers qui avaient tir\u00e9 sur son v\u00e9hicule<\/a> pour tenter de l\u2019arr\u00eater et tu\u00e9 sa passag\u00e8re, Rayana, 21 ans.<\/p>\n<p class=\"mb-4 text-lg md:leading-8 break-words\">Le <a href=\"https:\/\/www.20minutes.fr\/justice\/3304851-20220609-tirs-mortels-policiers-paris-conducteur-vehicule-defere-devant-justice?at_medium=RSS%20feed&amp;at_campaign=ynews&amp;utm_source=yahoo&amp;utm_medium=rss&amp;utm_campaign=news_feed&amp;utm_content=in_article_link\" rel=\"nofollow noopener\" target=\"_blank\" data-ylk=\"slk:conducteur;elm:context_link;itc:0;sec:content-canvas\" class=\"link \">conducteur<\/a>, qui avait \u00e9t\u00e9 plac\u00e9 en d\u00e9tention provisoire pendant plus de trois ans, pourra effectuer la partie ferme restante sous la forme d\u2019une d\u00e9tention \u00e0 domicile avec bracelet \u00e9lectronique, a d\u00e9cid\u00e9 le tribunal correctionnel de Paris. Une d\u00e9cision accueillie avec \u00ab soulagement \u00bb par son avocat, Me Rapha\u00ebl Kempf.<\/p>\n<p>Des policiers \u00ab en danger \u00bb<\/p>\n<p class=\"mb-4 text-lg md:leading-8 break-words\">Le 4 juin 2022 vers 10h45, dans le 18e arrondissement de la capitale, trois policiers \u00e0 VTT avaient voulu contr\u00f4ler une Peugeot 207 dont les passagers arri\u00e8re ne portaient pas leur ceinture. Le conducteur avait poursuivi sa route \u00e0 vive allure pendant 300 m\u00e8tres, avant d\u2019\u00eatre coinc\u00e9 dans les bouchons.<\/p>\n<p class=\"mb-4 text-lg md:leading-8 break-words\">Positionn\u00e9es autour du v\u00e9hicule qui tentait de red\u00e9marrer, les forces de l\u2019ordre avaient alors fait feu \u00e0 plusieurs reprises. \u00ab J\u2019\u00e9tais persuad\u00e9 qu\u2019il allait m\u2019\u00e9craser \u00bb, avait assur\u00e9 l\u2019un des policiers lors du proc\u00e8s, le 6 octobre, martelant avoir us\u00e9 de son arme parce qu&rsquo;\u00ab on \u00e9tait en danger : ce n\u2019est pas qu\u2019un ressenti \u00bb.<\/p>\n<p>Sans permis et sous alcool<\/p>\n<p class=\"mb-4 text-lg md:leading-8 break-words\">Le mis en cause &#8211; en \u00e9tat de forte alcool\u00e9mie \u00e0 la sortie d\u2019une discoth\u00e8que, roulait en outre sans permis, une infraction pour laquelle il avait d\u00e9j\u00e0 \u00e9t\u00e9 condamn\u00e9 &#8211; avait au contraire protest\u00e9 \u00e0 (&#8230;)<\/p>\n<p class=\"mb-4 text-lg md:leading-8 break-words\"><a href=\"https:\/\/www.20minutes.fr\/justice\/4186656-20251119-paris-cinq-ans-prison-auteur-refus-obtemperer-dont-passagere-tuee-police?at_medium=RSS%20feed&amp;at_campaign=ynews&amp;utm_source=yahoo&amp;utm_medium=rss&amp;utm_campaign=news_feed&amp;utm_content=read_more_link&quot;\" rel=\"nofollow noopener\" target=\"_blank\" data-ylk=\"slk:Lire la suite sur 20minutes;elm:context_link;itc:0;sec:content-canvas\" class=\"link \">Lire la suite sur 20minutes<\/a><\/p>\n<p>\u00c0 lire aussi :<br \/><a href=\"https:\/\/www.20minutes.fr\/justice\/4178485-20251011-vienne-dix-mois-prison-chauffard-juge-refus-obtemperer?at_medium=RSS%20feed&amp;at_campaign=ynews&amp;utm_source=yahoo&amp;utm_medium=rss&amp;utm_campaign=news_feed&amp;utm_content=related_content_link\" rel=\"nofollow noopener\" target=\"_blank\" data-ylk=\"slk:Vienne : Dix mois de prison pour un chauffard, jug\u00e9 pour un refus d\u2019obtemp\u00e9rer;elm:context_link;itc:0;sec:content-canvas\" class=\"link \">Vienne : Dix mois de prison pour un chauffard, jug\u00e9 pour un refus d\u2019obtemp\u00e9rer<\/a><br \/><a href=\"https:\/\/www.20minutes.fr\/faits_divers\/4174509-20250922-cote-or-refus-obtemperer-quetigny-police-tire-interpelle-trois-personnes?at_medium=RSS%20feed&amp;at_campaign=ynews&amp;utm_source=yahoo&amp;utm_medium=rss&amp;utm_campaign=news_feed&amp;utm_content=related_content_link\" rel=\"nofollow noopener\" target=\"_blank\" data-ylk=\"slk:C\u00f4te-d\u2019Or : Refus d\u2019obtemp\u00e9rer \u00e0 Quetigny, la police tire et interpelle trois personnes;elm:context_link;itc:0;sec:content-canvas\" class=\"link \">C\u00f4te-d\u2019Or : Refus d\u2019obtemp\u00e9rer \u00e0 Quetigny, la police tire et interpelle trois personnes<\/a><\/p>\n","protected":false},"excerpt":{"rendered":"proc\u00e8s &#8211; L\u2019auteur d\u2019un refus d\u2019obtemp\u00e9rer en juin 2022 \u00e0 Paris a \u00e9t\u00e9 condamn\u00e9 mercredi \u00e0 cinq ans&hellip;\n","protected":false},"author":2,"featured_media":544994,"comment_status":"","ping_status":"","sticky":false,"template":"","format":"standard","meta":{"footnotes":""},"categories":[1888],"tags":[1111,1928,11,1927,5816,1777,674,1011,27,12,1926,626,1925,25,34787],"class_list":{"0":"post-544993","1":"post","2":"type-post","3":"status-publish","4":"format-standard","5":"has-post-thumbnail","7":"category-paris","8":"tag-actu","9":"tag-actu-paris","10":"tag-actualites","11":"tag-actualites-paris","12":"tag-detention-provisoire","13":"tag-eu","14":"tag-europe","15":"tag-fr","16":"tag-france","17":"tag-news","18":"tag-news-paris","19":"tag-paris","20":"tag-paris-news","21":"tag-republique-francaise","22":"tag-tribunal-correctionnel-de-paris"},"share_on_mastodon":{"url":"https:\/\/pubeurope.com\/@fr\/115577180952482720","error":""},"_links":{"self":[{"href":"https:\/\/www.europesays.com\/fr\/wp-json\/wp\/v2\/posts\/544993","targetHints":{"allow":["GET"]}}],"collection":[{"href":"https:\/\/www.europesays.com\/fr\/wp-json\/wp\/v2\/posts"}],"about":[{"href":"https:\/\/www.europesays.com\/fr\/wp-json\/wp\/v2\/types\/post"}],"author":[{"embeddable":true,"href":"https:\/\/www.europesays.com\/fr\/wp-json\/wp\/v2\/users\/2"}],"replies":[{"embeddable":true,"href":"https:\/\/www.europesays.com\/fr\/wp-json\/wp\/v2\/comments?post=544993"}],"version-history":[{"count":0,"href":"https:\/\/www.europesays.com\/fr\/wp-json\/wp\/v2\/posts\/544993\/revisions"}],"wp:featuredmedia":[{"embeddable":true,"href":"https:\/\/www.europesays.com\/fr\/wp-json\/wp\/v2\/media\/544994"}],"wp:attachment":[{"href":"https:\/\/www.europesays.com\/fr\/wp-json\/wp\/v2\/media?parent=544993"}],"wp:term":[{"taxonomy":"category","embeddable":true,"href":"https:\/\/www.europesays.com\/fr\/wp-json\/wp\/v2\/categories?post=544993"},{"taxonomy":"post_tag","embeddable":true,"href":"https:\/\/www.europesays.com\/fr\/wp-json\/wp\/v2\/tags?post=544993"}],"curies":[{"name":"wp","href":"https:\/\/api.w.org\/{rel}","templated":true}]}}