{"id":544995,"date":"2025-11-19T15:56:12","date_gmt":"2025-11-19T15:56:12","guid":{"rendered":"https:\/\/www.europesays.com\/fr\/544995\/"},"modified":"2025-11-19T15:56:12","modified_gmt":"2025-11-19T15:56:12","slug":"de-nouvelles-couleurs-ephemeres-pour-lhotel-hoxton","status":"publish","type":"post","link":"https:\/\/www.europesays.com\/fr\/544995\/","title":{"rendered":"De nouvelles couleurs (\u00e9ph\u00e9m\u00e8res) pour l\u2019h\u00f4tel Hoxton"},"content":{"rendered":"<p data-start=\"132\" data-end=\"318\"><strong>L\u2019H\u00f4tel Hoxton<\/strong> aime se r\u00e9inventer. Cette saison, jusqu\u2019au 7 d\u00e9cembre, l\u2019\u00e9tablissement install\u00e9 au c\u0153ur du Marais collabore avec la marque de vodka <strong>Grey Goose<\/strong> pour une exp\u00e9rience in\u00e9dite.<\/p>\n<p data-start=\"320\" data-end=\"628\">D\u00e8s l\u2019entr\u00e9e dans la Rotonde, au pied de l\u2019escalier menant au Jacques Bar, l\u2019immersion est imm\u00e9diate : un mur de cl\u00e9s estampill\u00e9es Grey Goose, des malles et des chariots d\u2019h\u00f4tel soigneusement dispos\u00e9s accueillent les visiteurs. Car oui, non seulement l\u2019entr\u00e9e mais le bar lui-m\u00eame a \u00e9t\u00e9 enti\u00e8rement red\u00e9cor\u00e9.<\/p>\n<p data-start=\"630\" data-end=\"1138\">Les murs ont \u00e9t\u00e9 retapiss\u00e9s d\u2019un papier peint bleu nuit rappelant la signature des bouteilles Grey Goose ; les canap\u00e9s, fauteuils et chaises de bar adoptent ce m\u00eame ton, tandis que les \u00e9tag\u00e8res alignent les flacons de cette vodka 100 % fran\u00e7aise (le bl\u00e9 tendre d\u2019hiver vient de Picardie et l\u2019eau de source de Gensac-La-Pallue dans le d\u00e9partement de la Charente). Les cocktails signature mettent en avant les saveurs de cet alcool, tandis qu\u2019on les d\u00e9guste au rythme de DJ sets diff\u00e9rents au fil des semaines.<\/p>\n<p data-start=\"1140\" data-end=\"1478\">Cette collaboration entre <strong>Hoxton<\/strong> et <strong>Grey Goose<\/strong> va encore plus loin. Certaines des chambres se parent aussi des couleurs Grey Goose : t\u00eate de lit reprenant les codes de la maison, attentions sp\u00e9ciales, check-out tardif et cr\u00e9dit \u00e0 valoir sur la restauration \u2013 notamment sur le brunch Grey Goose H\u00f4tel du week-end servi au restaurant Rivi\u00e9.<\/p>\n","protected":false},"excerpt":{"rendered":"L\u2019H\u00f4tel Hoxton aime se r\u00e9inventer. Cette saison, jusqu\u2019au 7 d\u00e9cembre, l\u2019\u00e9tablissement install\u00e9 au c\u0153ur du Marais collabore avec&hellip;\n","protected":false},"author":2,"featured_media":544996,"comment_status":"","ping_status":"","sticky":false,"template":"","format":"standard","meta":{"footnotes":""},"categories":[1888],"tags":[11,1777,674,1011,27,22020,12,626,25],"class_list":{"0":"post-544995","1":"post","2":"type-post","3":"status-publish","4":"format-standard","5":"has-post-thumbnail","7":"category-paris","8":"tag-actualites","9":"tag-eu","10":"tag-europe","11":"tag-fr","12":"tag-france","13":"tag-hotels","14":"tag-news","15":"tag-paris","16":"tag-republique-francaise"},"share_on_mastodon":{"url":"https:\/\/pubeurope.com\/@fr\/115577185064438091","error":""},"_links":{"self":[{"href":"https:\/\/www.europesays.com\/fr\/wp-json\/wp\/v2\/posts\/544995","targetHints":{"allow":["GET"]}}],"collection":[{"href":"https:\/\/www.europesays.com\/fr\/wp-json\/wp\/v2\/posts"}],"about":[{"href":"https:\/\/www.europesays.com\/fr\/wp-json\/wp\/v2\/types\/post"}],"author":[{"embeddable":true,"href":"https:\/\/www.europesays.com\/fr\/wp-json\/wp\/v2\/users\/2"}],"replies":[{"embeddable":true,"href":"https:\/\/www.europesays.com\/fr\/wp-json\/wp\/v2\/comments?post=544995"}],"version-history":[{"count":0,"href":"https:\/\/www.europesays.com\/fr\/wp-json\/wp\/v2\/posts\/544995\/revisions"}],"wp:featuredmedia":[{"embeddable":true,"href":"https:\/\/www.europesays.com\/fr\/wp-json\/wp\/v2\/media\/544996"}],"wp:attachment":[{"href":"https:\/\/www.europesays.com\/fr\/wp-json\/wp\/v2\/media?parent=544995"}],"wp:term":[{"taxonomy":"category","embeddable":true,"href":"https:\/\/www.europesays.com\/fr\/wp-json\/wp\/v2\/categories?post=544995"},{"taxonomy":"post_tag","embeddable":true,"href":"https:\/\/www.europesays.com\/fr\/wp-json\/wp\/v2\/tags?post=544995"}],"curies":[{"name":"wp","href":"https:\/\/api.w.org\/{rel}","templated":true}]}}