{"id":545021,"date":"2025-11-19T16:10:17","date_gmt":"2025-11-19T16:10:17","guid":{"rendered":"https:\/\/www.europesays.com\/fr\/545021\/"},"modified":"2025-11-19T16:10:17","modified_gmt":"2025-11-19T16:10:17","slug":"transferts-top-14-ubb-je-croise-le-president-assez-souvent-il-ne-me-parle-de-rien-thibault-giroud-evoque-son-avenir","status":"publish","type":"post","link":"https:\/\/www.europesays.com\/fr\/545021\/","title":{"rendered":"Transferts Top 14 \u2013 UBB\u00a0: \u00ab\u00a0Je croise le pr\u00e9sident assez souvent, il ne me parle de rien\u00a0\u00bb\u00a0: Thibault Giroud \u00e9voque son avenir"},"content":{"rendered":"<p>\n                Annonc\u00e9 avec insistance \u00e0 l\u2019Aviron bayonnais depuis quelques semaines, Thibault Giroud a \u00e9voqu\u00e9 son avenir. Le pr\u00e9parateur physique de l\u2019UBB assure vouloir rester jusqu\u2019\u00e0 la fin de son contrat en 2027 mais il ne m\u00e9nage pas son pr\u00e9sident Laurent Marti.\n            <\/p>\n<p>Nouveau rebondissement dans le dossier de l\u2019avenir de Thibault Giroud\u00a0! Arriv\u00e9 \u00e0 l\u2019UBB en 2023 suite \u00e0 son passage au XV de France, le pr\u00e9parateur physique est devenu le directeur de la performance du club girondin, avec une grosse responsabilit\u00e9 au sein du staff de Yannick Bru. Vainqueur de la Champions Cup la saison derni\u00e8re, celui dont le contrat court jusqu\u2019en 2027 avait pour id\u00e9e initiale de prolonger son bail d\u00e8s cette ann\u00e9e, comme il l\u2019a assur\u00e9 ce mercredi dans les colonnes de <strong><a href=\"https:\/\/www.sudouest.fr\/sport\/rugby\/bordeaux-begles\/entretien-thibault-giroud-ubb-j-irai-au-bout-de-ma-mission-mais-apres-2027-je-suis-libre-26771117.php\" target=\"_self\" rel=\"nofollow noopener\">Sud Ouest<\/a><\/strong>\u00a0: \u00ab\u00a0On s\u2019\u00e9tait dit avec Yannick qu\u2019on allait continuer ensemble apr\u00e8s 2027.\u00a0\u00bb Mais alors qu\u2019il a voulu concr\u00e8tement lancer les n\u00e9gociations avec le pr\u00e9sident Laurent Marti, Giroud dit n\u2019avoir eu aucune nouvelle de son sup\u00e9rieur.<\/p>\n<blockquote><p>\nJe croise le pr\u00e9sident assez souvent, il ne me parle de rien\n<\/p><\/blockquote>\n<p>Comme annonc\u00e9 il y a plusieurs semaines, l\u2019Aviron bayonnais s\u2019est alors lanc\u00e9 pour tenter de recruter l\u2019homme de 51 ans. Le patron des Basques Philippe Tayeb l\u2019avait confirm\u00e9 dans nos colonnes\u00a0: \u00ab\u00a0<strong><a href=\"https:\/\/www.rugbyrama.fr\/2025\/11\/06\/top-14-aviron-bayonnais-une-offre-a-thibault-giroud-ubb-relance-le-debat-sur-lavenir-du-staff-de-gregory-patat-13037049.php\" target=\"_self\" rel=\"nofollow noopener\">Il y a des discussions avec Thibault Giroud<\/a><\/strong>. Il me para\u00eet \u00eatre l\u2019un des meilleurs directeurs de la performance en France. C\u2019est un gar\u00e7on que je connais depuis un petit moment, on a une relation amicale\u00a0\u00bb. Une possibilit\u00e9 de retrouver le pr\u00e9parateur physique en Ciel et Blanc d\u00e8s la saison prochaine a m\u00eame \u00e9t\u00e9 \u00e9voqu\u00e9e. Une situation sur laquelle le principal int\u00e9ress\u00e9 est revenu. Ce mercredi dans Sud Ouest, il livre sa version des faits\u00a0: \u00ab\u00a0Mon agent de l\u2019\u00e9poque est entr\u00e9 en contact avec Laurent Marti d\u00e8s le d\u00e9but de l\u2019\u00e9t\u00e9 pour discuter de cette clause et d\u2019une prolongation. En octobre, il dit \u00e0 mon agent qu\u2019il attend la fin de l\u2019ann\u00e9e pour discuter. Je croise le pr\u00e9sident assez souvent, il ne me parle de rien. Je respecte son agenda tr\u00e8s charg\u00e9 mais apr\u00e8s les deux saisons pass\u00e9es ensemble, j\u2019aurais aim\u00e9 qu\u2019il puisse me parler deux minutes dans un couloir ou par texto pour me dire ce qu\u2019il en \u00e9tait et me rassurer sur la situation.\u00a0\u00bb<\/p>\n<p>Visiblement amer face au comportement de son pr\u00e9sident, Giroud ne m\u00e2chait pas ses mots\u00a0: \u00ab\u00a0Je ne peux pas obliger Laurent Marti \u00e0 me voir s\u2019il estime que ce n\u2019est pas le moment. Je comprends qu\u2019il d\u00e9cide de l\u2019agenda pour le club qu\u2019il dirige. Mais si lui d\u00e9cide de \u00e7a, moi je d\u00e9cide de ma vie.\u00a0\u00bb\u00a0Pour autant, il assure vouloir rester \u00e0 l\u2019UBB jusqu\u2019\u00e0 la fin de son contrat, en 2027\u00a0: \u00ab\u00a0Il n\u2019a jamais \u00e9t\u00e9 question de partir avant la fin de mon contrat. Apr\u00e8s, si le club ne d\u00e9sire pas me garder d\u2019ici 2027, \u00e7a, c\u2019est autre chose. Mais moi, j\u2019irai au bout de ma mission.\u00a0Mais apr\u00e8s 2027, je suis libre.\u00a0\u00bb\u00a0L\u2019affaire n\u2019est donc pas encore termin\u00e9e\u2026<\/p>\n","protected":false},"excerpt":{"rendered":"Annonc\u00e9 avec insistance \u00e0 l\u2019Aviron bayonnais depuis quelques semaines, Thibault Giroud a \u00e9voqu\u00e9 son avenir. Le pr\u00e9parateur physique&hellip;\n","protected":false},"author":2,"featured_media":545022,"comment_status":"","ping_status":"","sticky":false,"template":"","format":"standard","meta":{"footnotes":""},"categories":[1416],"tags":[1011,27,479,1468,60],"class_list":{"0":"post-545021","1":"post","2":"type-post","3":"status-publish","4":"format-standard","5":"has-post-thumbnail","7":"category-rugby","8":"tag-fr","9":"tag-france","10":"tag-rugby","11":"tag-rugby-football","12":"tag-sports"},"share_on_mastodon":{"url":"https:\/\/pubeurope.com\/@fr\/115577239946343982","error":""},"_links":{"self":[{"href":"https:\/\/www.europesays.com\/fr\/wp-json\/wp\/v2\/posts\/545021","targetHints":{"allow":["GET"]}}],"collection":[{"href":"https:\/\/www.europesays.com\/fr\/wp-json\/wp\/v2\/posts"}],"about":[{"href":"https:\/\/www.europesays.com\/fr\/wp-json\/wp\/v2\/types\/post"}],"author":[{"embeddable":true,"href":"https:\/\/www.europesays.com\/fr\/wp-json\/wp\/v2\/users\/2"}],"replies":[{"embeddable":true,"href":"https:\/\/www.europesays.com\/fr\/wp-json\/wp\/v2\/comments?post=545021"}],"version-history":[{"count":0,"href":"https:\/\/www.europesays.com\/fr\/wp-json\/wp\/v2\/posts\/545021\/revisions"}],"wp:featuredmedia":[{"embeddable":true,"href":"https:\/\/www.europesays.com\/fr\/wp-json\/wp\/v2\/media\/545022"}],"wp:attachment":[{"href":"https:\/\/www.europesays.com\/fr\/wp-json\/wp\/v2\/media?parent=545021"}],"wp:term":[{"taxonomy":"category","embeddable":true,"href":"https:\/\/www.europesays.com\/fr\/wp-json\/wp\/v2\/categories?post=545021"},{"taxonomy":"post_tag","embeddable":true,"href":"https:\/\/www.europesays.com\/fr\/wp-json\/wp\/v2\/tags?post=545021"}],"curies":[{"name":"wp","href":"https:\/\/api.w.org\/{rel}","templated":true}]}}