{"id":545023,"date":"2025-11-19T16:11:14","date_gmt":"2025-11-19T16:11:14","guid":{"rendered":"https:\/\/www.europesays.com\/fr\/545023\/"},"modified":"2025-11-19T16:11:14","modified_gmt":"2025-11-19T16:11:14","slug":"coupe-davis-alexander-zverev-seule-star-presente-a-bologne-je-crois-sincerement-que-nous-avons-une-excellente-equipe-capable-de-gagner","status":"publish","type":"post","link":"https:\/\/www.europesays.com\/fr\/545023\/","title":{"rendered":"Coupe Davis > Alexander Zverev, seule star pr\u00e9sente \u00e0 Bologne : \u00ab\u00a0Je crois sinc\u00e8rement que nous avons une excellente \u00e9quipe capable de gagner\u00a0\u00bb"},"content":{"rendered":"<p>Alors qu\u2019il n\u2019a pas parti\u00adcip\u00e9 \u00e0 la phase quali\u00adfi\u00adca\u00adtive, Sascha a fina\u00adle\u00adment d\u00e9cid\u00e9 de renforcer l\u2019\u00e9quipe pour cette phase finale. Seul joueur du top 10 pr\u00e9sent fina\u00adle\u00adment en Italie, il pour\u00adrait devenir la star de cette \u00e9dition s\u2019il parve\u00adnait \u00e0 porter son pays. La derni\u00e8re victoire dans cette comp\u00e9\u00adti\u00adtion pour l\u2019Allemagne date de 1998, une \u00e9ternit\u00e9\u2026<\/p>\n<p>\u00ab\u202f<strong>Je suis ravi de faire partie de l\u2019\u00e9quipe, je l\u2019ai d\u00e9j\u00e0 dit. Si je suis l\u00e0, c\u2019est unique\u00adment pour l\u2019\u00e9quipe. J\u2019ai r\u00e9p\u00e9t\u00e9 \u00e0 plusieurs reprises que je pr\u00e9f\u00e9\u00adrais l\u2019an\u00adcien format de la Coupe Davis, et je le main\u00adtien\u00addrai. C\u2019\u00e9tait un moment histo\u00adrique\u202f; c\u2019\u00e9tait formi\u00addable de parti\u00adciper \u00e0 ces matchs aller\u2010retour. J\u2019adore cette \u00e9quipe. Je sais que nous voulons tous r\u00e9ussir ensemble, et il nous reste quelques ann\u00e9es pour tenter de remporter le titre avec cette forma\u00adtion. C\u2019est pour\u00adquoi je suis l\u00e0\u00a0: je crois sinc\u00e8\u00adre\u00adment que nous avons une excel\u00adlente \u00e9quipe capable de gagner, et j\u2019ai h\u00e2te de jouer \u00e0 leurs\u00a0c\u00f4t\u00e9s\u202f\u00bb<\/strong><\/p>\n<p class=\"post-published-date\" style=\"color: silver; font-size: 75%; text-align: left;\">Publi\u00e9 le mercredi 19 novembre 2025 \u00e0 10:10<\/p>\n","protected":false},"excerpt":{"rendered":"Alors qu\u2019il n\u2019a pas parti\u00adcip\u00e9 \u00e0 la phase quali\u00adfi\u00adca\u00adtive, Sascha a fina\u00adle\u00adment d\u00e9cid\u00e9 de renforcer l\u2019\u00e9quipe pour cette&hellip;\n","protected":false},"author":2,"featured_media":531154,"comment_status":"","ping_status":"","sticky":false,"template":"","format":"standard","meta":{"footnotes":""},"categories":[1415],"tags":[1011,27,60,1467,4542],"class_list":{"0":"post-545023","1":"post","2":"type-post","3":"status-publish","4":"format-standard","5":"has-post-thumbnail","7":"category-tennis","8":"tag-fr","9":"tag-france","10":"tag-sports","11":"tag-tennis","12":"tag-zverev"},"share_on_mastodon":{"url":"https:\/\/pubeurope.com\/@fr\/115577243784474044","error":""},"_links":{"self":[{"href":"https:\/\/www.europesays.com\/fr\/wp-json\/wp\/v2\/posts\/545023","targetHints":{"allow":["GET"]}}],"collection":[{"href":"https:\/\/www.europesays.com\/fr\/wp-json\/wp\/v2\/posts"}],"about":[{"href":"https:\/\/www.europesays.com\/fr\/wp-json\/wp\/v2\/types\/post"}],"author":[{"embeddable":true,"href":"https:\/\/www.europesays.com\/fr\/wp-json\/wp\/v2\/users\/2"}],"replies":[{"embeddable":true,"href":"https:\/\/www.europesays.com\/fr\/wp-json\/wp\/v2\/comments?post=545023"}],"version-history":[{"count":0,"href":"https:\/\/www.europesays.com\/fr\/wp-json\/wp\/v2\/posts\/545023\/revisions"}],"wp:featuredmedia":[{"embeddable":true,"href":"https:\/\/www.europesays.com\/fr\/wp-json\/wp\/v2\/media\/531154"}],"wp:attachment":[{"href":"https:\/\/www.europesays.com\/fr\/wp-json\/wp\/v2\/media?parent=545023"}],"wp:term":[{"taxonomy":"category","embeddable":true,"href":"https:\/\/www.europesays.com\/fr\/wp-json\/wp\/v2\/categories?post=545023"},{"taxonomy":"post_tag","embeddable":true,"href":"https:\/\/www.europesays.com\/fr\/wp-json\/wp\/v2\/tags?post=545023"}],"curies":[{"name":"wp","href":"https:\/\/api.w.org\/{rel}","templated":true}]}}