{"id":545029,"date":"2025-11-19T16:18:11","date_gmt":"2025-11-19T16:18:11","guid":{"rendered":"https:\/\/www.europesays.com\/fr\/545029\/"},"modified":"2025-11-19T16:18:11","modified_gmt":"2025-11-19T16:18:11","slug":"un-homme-en-chute-libre-devant-le-soleil-lincroyable-photo-dandrew-mccarthy","status":"publish","type":"post","link":"https:\/\/www.europesays.com\/fr\/545029\/","title":{"rendered":"Un homme en chute-libre devant le Soleil : l\u2019incroyable photo d\u2019Andrew McCarthy"},"content":{"rendered":"<p class=\"intro\">Il aura fallu des mois de pr\u00e9paration, une pr\u00e9cision quasi scientifique et l\u2019ent\u00eatement de deux passionn\u00e9s pour obtenir la photo impossible : la silhouette d\u2019un homme flottant devant notre Soleil en fusion. L&rsquo;auteur du clich\u00e9 Andrew McCarthy raconte les coulisses de son clich\u00e9 d\u00e9j\u00e0 culte.<\/p>\n<p>Tout commence apr\u00e8s un simple saut en parachute. Andrew McCarthy, astrophotographe obs\u00e9d\u00e9 par les d\u00e9tails du Soleil, et Gabriel C. Brown, ex-militaire devenu cr\u00e9ateur de contenus, s\u2019interrogent\u00a0: serait-il possible de saisir un homme en chute libre devant l\u2019atmosph\u00e8re solaire\u00a0? Une id\u00e9e aussi belle que presque irr\u00e9alisable. Mais \u00ab\u00a0Andrew est aussi t\u00eatu que moi\u00a0\u00bb, raconte Brown. Alors ils d\u00e9cident de tenter l\u2019exp\u00e9rience.<\/p>\n<\/p>\n<p>Leur mission rel\u00e8ve du d\u00e9fi. Il faut trouver un point de vue parfait dans le d\u00e9sert, pr\u00e9voir l\u2019heure exacte, choisir l\u2019avion ad\u00e9quat, calculer la trajectoire id\u00e9ale, la distance optimale entre le photographe et l\u2019appareil, et m\u00eame tenir compte de l&rsquo;angle de plan\u00e9 de l&rsquo;appareil. Il faut aussi coordonner le saut pour synchroniser l\u2019instant pr\u00e9cis o\u00f9 Gabriel C. Brown doit se jeter dans le vide. Tout est pr\u00eat, sur le papier. Mais sur le terrain, les ennuis s\u2019accumulent \u00ab une multitude de dysfonctionnements \u00bb menacent de ruiner l\u2019op\u00e9ration. Il faudra cinq \u00e9checs et six tentatives pour obtenir la position parfaite devant l\u2019\u00e9toile.<\/p>\n<p>    La suite apr\u00e8s cette publicit\u00e9<\/p>\n<p>\u00ab Je l&rsquo;ai eu, mon pote \u00a0!! \u00bb \u00a0<\/p>\n<p>Le jour d\u00e9cisif, le voltigeur monte \u00e0 bord du petit avion pilot\u00e9 par Jim Hamberlin, tandis qu&rsquo;Andrew McCarthy s\u2019installe devant ses t\u00e9lescopes braqu\u00e9s sur le Soleil. Sur ses \u00e9crans, il scrute un point minuscule dans un ciel baign\u00e9 de lumi\u00e8re. Tout se joue en quelques secondes. \u00ab 3 , 2, 1, Go !!! \u00bb, lance-t-il dans la radio. Une ombre tombe. Une silhouette humaine appara\u00eet, suspendue un instant devant le rouge solaire. Puis un cri de soulagement traverse les ondes : \u00ab Oh mon dieu ! Je l&rsquo;ai eu, mon pote !! \u00bb\u00a0<\/p>\n<p>    La suite apr\u00e8s cette publicit\u00e9<\/p>\n<p>La prouesse d\u00e9passe toutes leurs attentes. Pour obtenir l\u2019image finale, Andrew McCarthy photographie ensuite le Soleil avec un autre t\u00e9lescope et assemble une mosa\u00efque haute r\u00e9solution, fusionn\u00e9e avec l\u2019instant du saut. Le r\u00e9sultat est baptis\u00e9 \u00ab The Fall of Icarus \u00bb (La chute d&rsquo;Icare, en fran\u00e7ais), clin d\u2019\u0153il au mythe du jeune homme qui vola trop pr\u00e8s du Soleil.<\/p>\n","protected":false},"excerpt":{"rendered":"Il aura fallu des mois de pr\u00e9paration, une pr\u00e9cision quasi scientifique et l\u2019ent\u00eatement de deux passionn\u00e9s pour obtenir&hellip;\n","protected":false},"author":2,"featured_media":545030,"comment_status":"","ping_status":"","sticky":false,"template":"","format":"standard","meta":{"footnotes":""},"categories":[1358],"tags":[1348,1384,1385,1386,58,59,1011,27],"class_list":{"0":"post-545029","1":"post","2":"type-post","3":"status-publish","4":"format-standard","5":"has-post-thumbnail","7":"category-arts-et-design","8":"tag-arts","9":"tag-arts-and-design","10":"tag-arts-et-design","11":"tag-design","12":"tag-divertissement","13":"tag-entertainment","14":"tag-fr","15":"tag-france"},"share_on_mastodon":{"url":"https:\/\/pubeurope.com\/@fr\/115577271296057640","error":""},"_links":{"self":[{"href":"https:\/\/www.europesays.com\/fr\/wp-json\/wp\/v2\/posts\/545029","targetHints":{"allow":["GET"]}}],"collection":[{"href":"https:\/\/www.europesays.com\/fr\/wp-json\/wp\/v2\/posts"}],"about":[{"href":"https:\/\/www.europesays.com\/fr\/wp-json\/wp\/v2\/types\/post"}],"author":[{"embeddable":true,"href":"https:\/\/www.europesays.com\/fr\/wp-json\/wp\/v2\/users\/2"}],"replies":[{"embeddable":true,"href":"https:\/\/www.europesays.com\/fr\/wp-json\/wp\/v2\/comments?post=545029"}],"version-history":[{"count":0,"href":"https:\/\/www.europesays.com\/fr\/wp-json\/wp\/v2\/posts\/545029\/revisions"}],"wp:featuredmedia":[{"embeddable":true,"href":"https:\/\/www.europesays.com\/fr\/wp-json\/wp\/v2\/media\/545030"}],"wp:attachment":[{"href":"https:\/\/www.europesays.com\/fr\/wp-json\/wp\/v2\/media?parent=545029"}],"wp:term":[{"taxonomy":"category","embeddable":true,"href":"https:\/\/www.europesays.com\/fr\/wp-json\/wp\/v2\/categories?post=545029"},{"taxonomy":"post_tag","embeddable":true,"href":"https:\/\/www.europesays.com\/fr\/wp-json\/wp\/v2\/tags?post=545029"}],"curies":[{"name":"wp","href":"https:\/\/api.w.org\/{rel}","templated":true}]}}