{"id":545031,"date":"2025-11-19T16:20:17","date_gmt":"2025-11-19T16:20:17","guid":{"rendered":"https:\/\/www.europesays.com\/fr\/545031\/"},"modified":"2025-11-19T16:20:17","modified_gmt":"2025-11-19T16:20:17","slug":"ema-explique-sa-decision-dabandonner-la-star-academy","status":"publish","type":"post","link":"https:\/\/www.europesays.com\/fr\/545031\/","title":{"rendered":"Ema explique sa d\u00e9cision d\u2019abandonner la \u00abStar Academy\u00bb"},"content":{"rendered":"<p>\n    <strong>ENTRETIEN <\/strong>&#8211; Vendredi dernier, la Toulousaine de 25 ans a fait le choix de quitter l\u2019aventure de son plein gr\u00e9, en direct sur TF1. Quelques jours apr\u00e8s son d\u00e9part, la jeune chanteuse se confie.<\/p>\n<p class=\"fig-paragraph\"><a href=\"http:\/\/tvmag.lefigaro.fr\/programme-tv\/actu-tele\/qui-est-ema-candidate-de-la-saison-13-de-la-star-academy-devoilee-par-helena-bailly-20251017\" target=\"_blank\" data-fig-type=\"Article\" rel=\"noopener\" data-gtm-custom-categorie=\"navigation\" data-gtm-custom-action=\"crossclick\" data-gtm-custom-label=\"Contextuel\" data-gtm-event=\"customEventSPE\" data-fig-domain=\"TVMAG\"><strong>Ema\u00a0<\/strong><\/a> n\u2019est pas une candidate comme les autres dans cette saison 13 de\u00a0<a href=\"https:\/\/tvmag.lefigaro.fr\/programme-tv\/programme\/star-academy-f1083725889\" target=\"_blank\" rel=\"noopener\" data-gtm-custom-categorie=\"navigation\" data-gtm-custom-action=\"crossclick\" data-gtm-custom-label=\"Contextuel\" data-gtm-event=\"customEventSPE\"><strong>\u00ab Star Academy\u00a0\u00bb<\/strong><\/a> . En quatre semaines dans l\u2019\u00e9mission de TF1, la Toulousaine a \u00e9t\u00e9 nomm\u00e9e \u00e0 trois reprises. Vendredi dernier, alors que Th\u00e9o L. venait d\u2019\u00eatre sauv\u00e9 par les votes des t\u00e9l\u00e9spectateurs, elle a choisi de renoncer \u00e0 la possibilit\u00e9 d\u2019\u00eatre rep\u00each\u00e9e par ses camarades face \u00e0 L\u00e9ane, au grand d\u00e9sarroi du directeur,<a href=\"http:\/\/tvmag.lefigaro.fr\/programme-tv\/tele-realite\/michael-goldman-star-academy-a-capte-l-air-du-temps-pour-des-raisons-qui-nous-depassent-20251017\" target=\"_blank\" data-fig-type=\"Article\" rel=\"noopener\" data-gtm-custom-categorie=\"navigation\" data-gtm-custom-action=\"crossclick\" data-gtm-custom-label=\"Contextuel\" data-gtm-event=\"customEventSPE\" data-fig-domain=\"TVMAG\">\u00a0Michael Goldman<\/a>.<\/p>\n<p class=\"fig-paragraph\">Si cette d\u00e9cision a surpris tout le monde, Ema s\u2019est sentie totalement en accord avec elle-m\u00eame en l\u2019annon\u00e7ant en direct \u00e0 Nikos Aliagas. Quelques jours apr\u00e8s son d\u00e9part du ch\u00e2teau de Dammarie-les-Lys, elle se confie sur ses projets mais aussi sur le harc\u00e8lement num\u00e9rique auquel elle est confront\u00e9e sur les r\u00e9seaux sociaux.<\/p>\n<p class=\"fig-body-link\">\n            \u00c0 lire aussi<br \/>\n        <a class=\"fig-body-link__link fig-premium-mark\" href=\"http:\/\/tvmag.lefigaro.fr\/programme-tv\/actu-tele\/star-academy-les-secrets-d-un-succes-20251016\" target=\"_blank\" data-fig-type=\"Article\" rel=\"noopener\" data-gtm-custom-categorie=\"navigation\" data-gtm-custom-action=\"crossclick\" data-gtm-custom-label=\"Contextuel\" data-gtm-event=\"customEventSPE\" data-fig-domain=\"TVMAG\"><\/p>\n<p>        \u00abStar Academy\u00bb, les secrets d\u2019un succ\u00e8s<br \/>\n    <\/a>\n<\/p>\n<p>                                    <a class=\"fig-a11y-skip a11y-hidden\" href=\"#fig-a11y-skip-main-inarticle\"><br \/>\n        Passer la publicit\u00e9<br \/>\n    <\/a><\/p>\n<p class=\"fig-paragraph\"><strong>TV MAGAZINE. &#8211; Quel \u00e9tait votre parcours artistique avant de vous lancer dans \u00ab Star Academy\u00a0\u00bb\u00a0?<\/strong><br \/><strong>Ema. &#8211; <\/strong>Je me suis vraiment lanc\u00e9e dans la musique et l\u2019\u00e9criture il y a environ deux ans mais c\u2019est ma passion depuis toujours. J\u2019ai travaill\u00e9 avec mes meilleurs amis qui sont musiciens. \u00c0 14 ans, j\u2019avais juste pass\u00e9 la premi\u00e8re \u00e9tape des castings de \u00ab The Voice Kids\u00a0\u00bb et je m\u2019\u00e9tais dit que je ne ferai plus jamais de t\u00e9l\u00e9. Finalement, j\u2019ai pass\u00e9 le casting de \u00ab Star Academy\u00a0\u00bb l\u2019ann\u00e9e derni\u00e8re. J\u2019\u00e9tais all\u00e9e jusqu\u2019au bout des auditions mais sans \u00eatre prise. J\u2019ai retent\u00e9 cette ann\u00e9e avec succ\u00e8s.<\/p>\n<p class=\"fig-paragraph\"><strong>Quelles \u00e9taient vos attentes en int\u00e9grant \u00ab Star Academy\u00a0\u00bb\u00a0?<\/strong><br \/>J\u2019avais besoin de me conna\u00eetre davantage et de progresser en chant, en danse et en th\u00e9\u00e2tre. J\u2019avais envie de d\u00e9couvrir tous ces cours que je n\u2019avais jamais eus jusqu\u2019alors. \u00ab Star Academy\u00a0\u00bb est un tremplin \u00e9norme pour pouvoir faire de ma passion mon travail.<\/p>\n<p class=\"fig-paragraph\"><strong>Qu\u2019avez-vous appris sur vous gr\u00e2ce \u00e0 l\u2019\u00e9mission\u00a0?<\/strong><br \/>Pendant mon aventure, j\u2019\u00e9tais souvent nomm\u00e9e et en bas du classement. Ce n\u2019\u00e9tait pas facile. J\u2019ai eu beaucoup de coups de mou. J\u2019ai aussi \u00e9norm\u00e9ment dout\u00e9 de moi mais j\u2019ai appris \u00e0 me relever \u00e0 chaque fois. C\u2019est important de toujours garder la t\u00eate haute et de se relever. C\u2019est ce que j\u2019ai fait. Je ne pensais pas que j\u2019avais autant de force.<\/p>\n<p>    <a href=\"https:\/\/photo.lefigaro.fr\/programme-tv\/tele-realite\/star-academy-les-17-candidats-de-la-saison-13-20251018\" target=\"_blank\" rel=\"noopener\"><\/p>\n<p class=\"fig-slideshow__title\">\n                    \u00abStar Academy\u00bb\u00a0: les 17 candidats de la saison 13\n                <\/p>\n<p>Acc\u00e9der au diaporama (17)<\/p>\n<p>    <\/a><\/p>\n<blockquote class=\"fig-quote&#10;    \">\n<p class=\"fig-quote__text\">\u00ab J\u2019ai peut-\u00eatre v\u00e9cu une \u201cStar Academy\u201d parall\u00e8le \u00e0 celle des autres\u00a0\u00bb<\/p>\n<p>            Ema\n    <\/p><\/blockquote>\n<p class=\"fig-paragraph\"><strong>Comment avez-vous v\u00e9cu ces quatre semaines au ch\u00e2teau\u00a0?<\/strong><br \/>C\u2019\u00e9tait tr\u00e8s intense. J\u2019ai peut-\u00eatre v\u00e9cu une \u00ab Star Ac\u2019\u00a0\u00bb parall\u00e8le \u00e0 celle des autres. Comme j\u2019ai souvent \u00e9t\u00e9 nomin\u00e9e, je n\u2019ai pas pu faire certaines prestations lors des primes. Ce n\u2019est pas le m\u00eame stress, j\u2019avais cette peur de partir. Cela a pu \u00e9teindre ma personnalit\u00e9 \u00e0 certains moments. C\u2019\u00e9taient des montagnes russes \u00e9motionnelles. Mais le plus important, c\u2019est que tout le monde se soutenait. L\u2019amiti\u00e9 joue beaucoup dans l\u2019aventure. \u00c7a permet vraiment de tenir quand c\u2019est compliqu\u00e9. Ma meilleure rencontre, qui est aussi une des meilleures rencontres de ma vie, c\u2019est Victor. C\u2019\u00e9tait un pilier pour moi.<\/p>\n<p class=\"fig-paragraph\"><strong>Quels sont les moments forts de votre aventure\u00a0?<\/strong><br \/>Lorsque nous avons \u00e9t\u00e9 immunis\u00e9s avec l\u2019\u00e9quipe des jaunes, c\u2019\u00e9tait magnifique. Une victoire en groupe est encore plus belle qu\u2019en individuel. Mes camarades \u00e9taient contents que je sois \u00e9pargn\u00e9e par les nominations. Il y a aussi eu le moment o\u00f9 j\u2019ai chant\u00e9 avec\u00a0<a href=\"https:\/\/www.lefigaro.fr\/tag\/clara-luciani\" target=\"_blank\" rel=\"noopener\" data-gtm-custom-categorie=\"navigation\" data-gtm-custom-action=\"crossclick\" data-gtm-custom-label=\"Contextuel\" data-gtm-event=\"customEventSPE\">Clara Luciani<\/a>, c\u2019est une artiste g\u00e9n\u00e9reuse que j\u2019admire. J\u2019avais l\u2019impression de chanter avec quelqu\u2019un que je connaissais d\u00e9j\u00e0. M\u00eame les moments difficiles, je les regarde aujourd\u2019hui avec plus de bienveillance. Il y avait des moments o\u00f9 je pleurais mais je gardais encore le sourire et j\u2019essayais tout le temps de remonter. Les plus beaux moments sont ceux o\u00f9 on se soutenait.<\/p>\n<p>                                    <a class=\"fig-a11y-skip a11y-hidden\" href=\"#fig-a11y-skip-main-inarticle_mtf\"><br \/>\n        Passer la publicit\u00e9<br \/>\n    <\/a><\/p>\n<p class=\"fig-paragraph\"><strong>Vous avez cr\u00e9\u00e9 la surprise\u00a0<\/strong><a href=\"http:\/\/tvmag.lefigaro.fr\/programme-tv\/tele-realite\/l-incroyable-decision-d-ema-la-surprise-de-lena-situations-ce-qu-il-faut-retenir-du-cinquieme-prime-de-star-academy-20251115\" target=\"_blank\" data-fig-type=\"Article\" rel=\"noopener\" data-gtm-custom-categorie=\"navigation\" data-gtm-custom-action=\"crossclick\" data-gtm-custom-label=\"Contextuel\" data-gtm-event=\"customEventSPE\" data-fig-domain=\"TVMAG\"><strong>en abandonnant l\u2019\u00e9mission<\/strong><\/a> <strong>&#8230;<\/strong><br \/>C\u2019\u00e9tait vraiment une question de d\u00e9clic, ce n\u2019\u00e9tait pas pr\u00e9m\u00e9dit\u00e9. La seule chose \u00e0 laquelle je pensais durant la soir\u00e9e, c\u2019\u00e9tait de r\u00e9ussir ma prestation. Mais lorsque je me suis retrouv\u00e9e face \u00e0 mes camarades avec L\u00e9ane pour qu\u2019ils choisissent, une petite voix en moi s\u2019est demand\u00e9 si je devais le faire. Et je l\u2019ai fait. Je me suis surprise moi-m\u00eame. Je ne savais m\u00eame pas si j\u2019avais le droit de laisser ma place comme \u00e7a.<\/p>\n<p class=\"fig-paragraph\"><strong>Qu\u2019est-ce qui vous a pouss\u00e9 \u00e0 prendre cette d\u00e9cision\u00a0?<\/strong><br \/>Je n\u2019avais pas envie de subir le vote des \u00e9l\u00e8ves une nouvelle fois. Eux aussi subissent le poids de ce choix. C\u2019\u00e9tait le moment de partir la t\u00eate haute.\u00a0<a href=\"http:\/\/tvmag.lefigaro.fr\/programme-tv\/tele-realite\/ils-veulent-la-saboter-la-prestation-de-leane-star-academy-critiquee-par-ses-professeurs-les-internautes-reagissent-20251118\" target=\"_blank\" data-fig-type=\"Article\" rel=\"noopener\" data-gtm-custom-categorie=\"navigation\" data-gtm-custom-action=\"crossclick\" data-gtm-custom-label=\"Contextuel\" data-gtm-event=\"customEventSPE\" data-fig-domain=\"TVMAG\">L\u00e9ane\u00a0<\/a>avait le droit d\u2019avoir sa seconde chance, que je l\u2019avais eue avant elle. Je n\u2019ai aucun regret. Je sais qu\u2019une autre aventure commence pour moi. Peu importe le moment o\u00f9 on sort de \u00ab Star Academy\u00a0\u00bb. Ce qui compte, c\u2019est ce qu\u2019on va proposer \u00e0 l\u2019ext\u00e9rieur.<\/p>\n<blockquote class=\"fig-quote&#10;    \">\n<p class=\"fig-quote__text\">\u00ab Il fallait peut-\u00eatre que je sorte pour m\u2019ouvrir et retrouver ma lumi\u00e8re\u00a0\u00bb<\/p>\n<p>            Ema\n    <\/p><\/blockquote>\n<p class=\"fig-paragraph\"><strong>Ce\u00a0<\/strong><a href=\"http:\/\/tvmag.lefigaro.fr\/programme-tv\/tele-realite\/je-laisse-ma-place-ema-se-retire-retour-sur-les-precedents-abandons-de-l-histoire-de-star-academy-20251115\" target=\"_blank\" data-fig-type=\"Article\" rel=\"noopener\" data-gtm-custom-categorie=\"navigation\" data-gtm-custom-action=\"crossclick\" data-gtm-custom-label=\"Contextuel\" data-gtm-event=\"customEventSPE\" data-fig-domain=\"TVMAG\"><strong>choix de partir \u00e9tait-il une \u00e9chappatoire face \u00e0 la pression de l\u2019\u00e9mission<\/strong><\/a> <strong>\u00a0?<\/strong><br \/>C\u2019est plus nous-m\u00eames qui nous infligeons cette pression. J\u2019avais tellement peur de rater que je ratais mes \u00e9valuations. Je ne pouvais m\u2019en vouloir qu\u2019\u00e0 moi-m\u00eame. Nous connaissions tous les r\u00e8gles du jeu avant de rentrer dans l\u2019\u00e9mission mais nous ne savons jamais comment nous allons r\u00e9agir. L\u2019exp\u00e9rience a mis le doigt sur mes fragilit\u00e9s comme le manque de confiance en moi. Aujourd\u2019hui, j\u2019ai retrouv\u00e9 cette confiance. Il fallait peut-\u00eatre que je sorte pour m\u2019ouvrir et retrouver ma lumi\u00e8re.<\/p>\n<p class=\"fig-paragraph\"><strong>Comment ont r\u00e9agi les professeurs de \u00ab Star Academy\u00a0\u00bb aupr\u00e8s de vous apr\u00e8s l\u2019\u00e9mission\u00a0?<\/strong><br \/>Ils sont venus me voir dans les loges et m\u2019ont tous salu\u00e9e. Ils m\u2019ont dit que j\u2019avais \u00e9t\u00e9 tr\u00e8s courageuse et que j\u2019avais fait un tr\u00e8s beau geste. Cela m\u2019a touch\u00e9e. J\u2019ai aussi vu dans le regard de mes proches qu\u2019ils \u00e9taient fiers de moi. C\u2019est un geste et une attitude qui me ressemblent. Mon but a toujours \u00e9t\u00e9 d\u2019\u00eatre authentique et de ne jamais me trahir. L\u00e0, j\u2019ai \u00e9t\u00e9 \u00e0 100% moi-m\u00eame.<\/p>\n<p class=\"fig-paragraph\"><strong>Comment s\u2019est pass\u00e9 votre retour \u00e0 la r\u00e9alit\u00e9\u00a0?\u00a0<\/strong><br \/>J\u2019ai tout de suite \u00e9t\u00e9 entour\u00e9e par mes proches. J\u2019ai malheureusement d\u00e9couvert qu\u2019il y avait eu beaucoup de haine contre moi sur les r\u00e9seaux sociaux. Ce n\u2019est pas facile mais j\u2019ai aussi re\u00e7u \u00e9norm\u00e9ment de soutien. C\u2019est \u00e0 ces gens-l\u00e0 que j\u2019ai envie de rendre cet amour, les autres ne m\u2019int\u00e9ressent pas. Nous sommes dans une \u00e9mission o\u00f9 nous vivons simplement notre r\u00eave. Les gens qui v\u00e9hiculent des messages de haine oublient que nous sommes des \u00eatres humains. Cela nous touche et touche nos proches.<\/p>\n<blockquote class=\"fig-quote&#10;    \">\n<p class=\"fig-quote__text\">\u00ab J\u2019ai envie de d\u00e9fendre la sc\u00e8ne \u00e9mergente\u00a0\u00bb<\/p>\n<p>            Ema\n    <\/p><\/blockquote>\n<p>                                    <a class=\"fig-a11y-skip a11y-hidden\" href=\"#fig-a11y-skip-main-inarticle_btf\"><br \/>\n        Passer la publicit\u00e9<br \/>\n    <\/a><\/p>\n<p class=\"fig-paragraph\"><strong>Comment comptez-vous g\u00e9rer vos r\u00e9seaux sociaux\u00a0?<\/strong>\u00a0<br \/>D\u00e9j\u00e0, je ne vais pas sur X. Je n\u2019ai pas envie de me ruiner le moral en lisant des messages d\u00e9sagr\u00e9ables. Sur Instagram, en revanche, je re\u00e7ois \u00e9norm\u00e9ment d\u2019amour. Beaucoup de gens m\u2019y ont t\u00e9moign\u00e9 leur soutien, m\u00eame Oli de\u00a0<a href=\"https:\/\/www.lefigaro.fr\/tag\/bigflo-et-oli\" target=\"_blank\" rel=\"noopener\" data-gtm-custom-categorie=\"navigation\" data-gtm-custom-action=\"crossclick\" data-gtm-custom-label=\"Contextuel\" data-gtm-event=\"customEventSPE\">Bigflo et Oli<\/a>, qui est Toulousain comme moi. J\u2019ai envie de rebondir et de rester forte. Quand on fait une \u00e9mission comme \u00e7a, on sait qu\u2019on s\u2019expose \u00e0 de la critique et \u00e0 de la haine mais personne n\u2019est pr\u00e9par\u00e9 \u00e0 y \u00eatre confront\u00e9.<\/p>\n<p class=\"fig-paragraph\"><strong>L\u2019univers musical que vous avez d\u00e9velopp\u00e9 avant \u00ab Star Academy\u00a0\u00bb et celui des titres que vous avez pu chanter dans l\u2019\u00e9mission \u00e9taient diff\u00e9rents. Qu\u2019auriez-vous aim\u00e9 chanter\u00a0?<\/strong><br \/>J\u2019adore Ad\u00e8le Castillon et des artistes plus \u00e9mergents comme Romsii, Oudy ou encore Dakeez. Chez les Am\u00e9ricains, il y a\u00a0<a href=\"https:\/\/www.lefigaro.fr\/tag\/addison-rae\" target=\"_blank\" rel=\"noopener\" data-gtm-custom-categorie=\"navigation\" data-gtm-custom-action=\"crossclick\" data-gtm-custom-label=\"Contextuel\" data-gtm-event=\"customEventSPE\">Addison Rae<\/a>, PinkPantheress et\u00a0<a href=\"https:\/\/video.lefigaro.fr\/figaro\/interview-charli-xcx-ses-confidences-made-in-france-20250527\" target=\"_blank\" data-fig-type=\"Video\" rel=\"noopener\" data-gtm-custom-categorie=\"navigation\" data-gtm-custom-action=\"crossclick\" data-gtm-custom-label=\"Contextuel\" data-gtm-event=\"customEventSPE\" data-fig-domain=\"LEFIGARO\">Charli XCX<\/a>. Et chez les Fran\u00e7ais, il y a<a href=\"https:\/\/www.lefigaro.fr\/tag\/yoa\" target=\"_blank\" rel=\"noopener\" data-gtm-custom-categorie=\"navigation\" data-gtm-custom-action=\"crossclick\" data-gtm-custom-label=\"Contextuel\" data-gtm-event=\"customEventSPE\">\u00a0Yoa<\/a>,\u00a0<a href=\"https:\/\/www.lefigaro.fr\/tag\/iliona\" target=\"_blank\" rel=\"noopener\" data-gtm-custom-categorie=\"navigation\" data-gtm-custom-action=\"crossclick\" data-gtm-custom-label=\"Contextuel\" data-gtm-event=\"customEventSPE\">Iliona<\/a>,\u00a0<a href=\"https:\/\/www.lefigaro.fr\/tag\/theodora\" target=\"_blank\" rel=\"noopener\" data-gtm-custom-categorie=\"navigation\" data-gtm-custom-action=\"crossclick\" data-gtm-custom-label=\"Contextuel\" data-gtm-event=\"customEventSPE\">Theodora<\/a>\u00a0et Danyl. J\u2019ai vraiment pas mal d\u2019influences et j\u2019ai envie de garder cette singularit\u00e9. Dans l\u2019\u00e9mission, c\u2019\u00e9tait beaucoup plus de la pop et de la vari\u00e9t\u00e9 mais c\u2019est aussi un cr\u00e9neau qui me pla\u00eet \u00e9norm\u00e9ment.<\/p>\n<p class=\"fig-paragraph\"><strong>Quels sont vos projets pour la suite\u00a0?\u00a0<\/strong><br \/>J\u2019\u00e9crivais beaucoup de chansons avant de venir \u00e0 \u00ab Star Academy\u00a0\u00bb. C\u2019est ma passion. J\u2019ai envie de continuer d\u2019en \u00e9crire plein d\u2019autres comme je vais avoir du temps devant moi. Mon but est de pouvoir partager mes chansons. J\u2019ai envie de d\u00e9fendre la sc\u00e8ne \u00e9mergente. Je trouve qu\u2019elle n\u2019est pas assez repr\u00e9sent\u00e9e, que ce soit \u00e0 la t\u00e9l\u00e9 ou en g\u00e9n\u00e9ral. J\u2019ai envie de rester fid\u00e8le \u00e0 moi-m\u00eame, d\u2019avoir ma patte musicale m\u00eame si elle ne vise pas le plus grand public possible.<\/p>\n","protected":false},"excerpt":{"rendered":"ENTRETIEN &#8211; Vendredi dernier, la Toulousaine de 25 ans a fait le choix de quitter l\u2019aventure de son&hellip;\n","protected":false},"author":2,"featured_media":545032,"comment_status":"","ping_status":"","sticky":false,"template":"","format":"standard","meta":{"footnotes":""},"categories":[1356],"tags":[58,59,1011,27,5095,252,199,1364],"class_list":{"0":"post-545031","1":"post","2":"type-post","3":"status-publish","4":"format-standard","5":"has-post-thumbnail","7":"category-television","8":"tag-divertissement","9":"tag-entertainment","10":"tag-fr","11":"tag-france","12":"tag-star-academy","13":"tag-television","14":"tag-tf1","15":"tag-tv"},"share_on_mastodon":{"url":"https:\/\/pubeurope.com\/@fr\/115577279254273499","error":""},"_links":{"self":[{"href":"https:\/\/www.europesays.com\/fr\/wp-json\/wp\/v2\/posts\/545031","targetHints":{"allow":["GET"]}}],"collection":[{"href":"https:\/\/www.europesays.com\/fr\/wp-json\/wp\/v2\/posts"}],"about":[{"href":"https:\/\/www.europesays.com\/fr\/wp-json\/wp\/v2\/types\/post"}],"author":[{"embeddable":true,"href":"https:\/\/www.europesays.com\/fr\/wp-json\/wp\/v2\/users\/2"}],"replies":[{"embeddable":true,"href":"https:\/\/www.europesays.com\/fr\/wp-json\/wp\/v2\/comments?post=545031"}],"version-history":[{"count":0,"href":"https:\/\/www.europesays.com\/fr\/wp-json\/wp\/v2\/posts\/545031\/revisions"}],"wp:featuredmedia":[{"embeddable":true,"href":"https:\/\/www.europesays.com\/fr\/wp-json\/wp\/v2\/media\/545032"}],"wp:attachment":[{"href":"https:\/\/www.europesays.com\/fr\/wp-json\/wp\/v2\/media?parent=545031"}],"wp:term":[{"taxonomy":"category","embeddable":true,"href":"https:\/\/www.europesays.com\/fr\/wp-json\/wp\/v2\/categories?post=545031"},{"taxonomy":"post_tag","embeddable":true,"href":"https:\/\/www.europesays.com\/fr\/wp-json\/wp\/v2\/tags?post=545031"}],"curies":[{"name":"wp","href":"https:\/\/api.w.org\/{rel}","templated":true}]}}