{"id":545033,"date":"2025-11-19T16:21:18","date_gmt":"2025-11-19T16:21:18","guid":{"rendered":"https:\/\/www.europesays.com\/fr\/545033\/"},"modified":"2025-11-19T16:21:18","modified_gmt":"2025-11-19T16:21:18","slug":"on-ma-demande-de-le-faire-vanessa-paradis-revele-le-mensonge-qui-lui-a-permis-de-lancer-sa-carriere","status":"publish","type":"post","link":"https:\/\/www.europesays.com\/fr\/545033\/","title":{"rendered":"\u00ab\u00a0On m&rsquo;a demand\u00e9 de le faire\u00a0\u00bb\u00a0: Vanessa Paradis r\u00e9v\u00e8le le mensonge qui lui a permis de lancer sa carri\u00e8re"},"content":{"rendered":"<p class=\"ap-StoryElement ap-StoryElement--mb ap-StoryText\">De \u00ab\u00a0Joe le Taxi\u00a0\u00bb \u00e0 \u00ab\u00a0La Seine\u00a0\u00bb en passant par \u00ab\u00a0Divine Idylle\u00a0\u00bb, Vanessa Paradis a travers\u00e9 les g\u00e9n\u00e9rations avec des tubes ent\u00eatants, port\u00e9s par sa voix si remarquable. La chanteuse fran\u00e7aise, qui a commenc\u00e9 sa carri\u00e8re alors qu&rsquo;elle \u00e9tait encore adolescente, a collabor\u00e9 avec les plus grands, et est encore aujourd&rsquo;hui adul\u00e9e par ses fans.<\/p>\n<p class=\"ap-StoryElement ap-StoryElement--mb ap-StoryText\">Ceux-ci sont d&rsquo;ailleurs ravis depuis la sortie du dernier album de la chanteuse, intitul\u00e9 Le retour des beaux jours et dans lequel on retrouve le titre \u00ab\u00a0Bouquet final\u00a0\u00bb, qui inonde d\u00e9j\u00e0 les ondes. Et si Vanessa Paradis est aujourd&rsquo;hui couronn\u00e9e de succ\u00e8s, c&rsquo;est peut-\u00eatre gr\u00e2ce \u00e0 un mensonge qu&rsquo;elle a prof\u00e9r\u00e9 il y a bien longtemps, lors de sa premi\u00e8re apparition \u00e0 la t\u00e9l\u00e9vision.<\/p>\n","protected":false},"excerpt":{"rendered":"De \u00ab\u00a0Joe le Taxi\u00a0\u00bb \u00e0 \u00ab\u00a0La Seine\u00a0\u00bb en passant par \u00ab\u00a0Divine Idylle\u00a0\u00bb, Vanessa Paradis a travers\u00e9 les g\u00e9n\u00e9rations&hellip;\n","protected":false},"author":2,"featured_media":545034,"comment_status":"","ping_status":"","sticky":false,"template":"","format":"standard","meta":{"footnotes":""},"categories":[1355],"tags":[317,58,66351,59,1011,27,66352,53804,1361,873,252,10245],"class_list":{"0":"post-545033","1":"post","2":"type-post","3":"status-publish","4":"format-standard","5":"has-post-thumbnail","7":"category-musique","8":"tag-age","9":"tag-divertissement","10":"tag-ecole-des-fans","11":"tag-entertainment","12":"tag-fr","13":"tag-france","14":"tag-jacques-martin","15":"tag-mensonge","16":"tag-music","17":"tag-musique","18":"tag-television","19":"tag-vanessa-paradis"},"share_on_mastodon":{"url":"https:\/\/pubeurope.com\/@fr\/115577283198233619","error":""},"_links":{"self":[{"href":"https:\/\/www.europesays.com\/fr\/wp-json\/wp\/v2\/posts\/545033","targetHints":{"allow":["GET"]}}],"collection":[{"href":"https:\/\/www.europesays.com\/fr\/wp-json\/wp\/v2\/posts"}],"about":[{"href":"https:\/\/www.europesays.com\/fr\/wp-json\/wp\/v2\/types\/post"}],"author":[{"embeddable":true,"href":"https:\/\/www.europesays.com\/fr\/wp-json\/wp\/v2\/users\/2"}],"replies":[{"embeddable":true,"href":"https:\/\/www.europesays.com\/fr\/wp-json\/wp\/v2\/comments?post=545033"}],"version-history":[{"count":0,"href":"https:\/\/www.europesays.com\/fr\/wp-json\/wp\/v2\/posts\/545033\/revisions"}],"wp:featuredmedia":[{"embeddable":true,"href":"https:\/\/www.europesays.com\/fr\/wp-json\/wp\/v2\/media\/545034"}],"wp:attachment":[{"href":"https:\/\/www.europesays.com\/fr\/wp-json\/wp\/v2\/media?parent=545033"}],"wp:term":[{"taxonomy":"category","embeddable":true,"href":"https:\/\/www.europesays.com\/fr\/wp-json\/wp\/v2\/categories?post=545033"},{"taxonomy":"post_tag","embeddable":true,"href":"https:\/\/www.europesays.com\/fr\/wp-json\/wp\/v2\/tags?post=545033"}],"curies":[{"name":"wp","href":"https:\/\/api.w.org\/{rel}","templated":true}]}}