{"id":545035,"date":"2025-11-19T16:22:15","date_gmt":"2025-11-19T16:22:15","guid":{"rendered":"https:\/\/www.europesays.com\/fr\/545035\/"},"modified":"2025-11-19T16:22:15","modified_gmt":"2025-11-19T16:22:15","slug":"daniel-radcliffe-a-envoye-une-lettre-a-son-successeur-dans-la-serie-harry-potter","status":"publish","type":"post","link":"https:\/\/www.europesays.com\/fr\/545035\/","title":{"rendered":"Daniel Radcliffe a envoy\u00e9 une \u00ab\u00a0lettre\u00a0\u00bb \u00e0 son successeur dans la s\u00e9rie \u00ab\u00a0Harry Potter\u00a0\u00bb"},"content":{"rendered":"<p>Daniel Radcliffe a eu une pens\u00e9e pour la nouvelle g\u00e9n\u00e9ration de la franchise Harry Potter. Le tournage d\u2019une <a href=\"https:\/\/www.20minutes.fr\/arts-stars\/serie\/4086002-20240411-harry-potter-adaptation-serie-aventures-apprenti-sorcier-desormais-bien-lancee\" target=\"_blank\" class=\"c-link c-link--is-underlined\" rel=\"noopener\">s\u00e9rie adapt\u00e9e des romans<\/a> de J. K. Rowling a r\u00e9cemment commenc\u00e9 et l\u2019acteur de 36 ans a trouv\u00e9 que c\u2019\u00e9tait le bon moment pour envoyer ses bons v\u0153ux aux nouveaux acteurs.<\/p>\n<p>L\u2019ancien interpr\u00e8te de Harry Potter a r\u00e9v\u00e9l\u00e9 lors de son passage dans <a href=\"https:\/\/www.instagram.com\/p\/DRM59OID5nz\/\" rel=\"nofollow noopener\" target=\"_blank\" class=\"c-link c-link--is-underlined\">l\u2019\u00e9mission<\/a> Good Morning America qu\u2019il avait m\u00eame envoy\u00e9 une \u00ab\u00a0lettre\u00a0\u00bb qui a repris le r\u00f4le de l\u2019apprenti sorcier, Dominic McLaughlin.<\/p>\n<p>\u00ab\u00a0J\u2019ai \u00e9crit \u00e0 Dominic, je lui ai envoy\u00e9 une lettre et il m\u2019a renvoy\u00e9 un message adorable\u00a0\u00bb, a-t-il expliqu\u00e9 au moment d\u2019aborder la nouvelle production, dont chaque saison sera d\u00e9di\u00e9e \u00e0 l\u2019un des sept livres originaux de la saga.<\/p>\n<p>En revanche, le com\u00e9dien est cat\u00e9gorique sur l\u2019intention de sa d\u00e9marche\u00a0: il ne souhaite pas devenir \u00ab\u00a0un fant\u00f4me\u00a0\u00bb dans le sillage des \u00ab\u00a0enfants\u00a0\u00bb ayant repris les r\u00f4les principaux de la franchise.<\/p>\n<p>La rel\u00e8ve assur\u00e9e<\/p>\n<p>\u00ab\u00a0J\u2019ai juste \u00e9crit (\u00e0 Dominic McLaughlin) pour lui dire\u00a0: \u00ab\u00a0J\u2019esp\u00e8re que tu passeras un tr\u00e8s bon moment, encore meilleur que le mien\u00a0\u00bb\u00a0\u00bb, a pr\u00e9cis\u00e9 <a href=\"https:\/\/www.20minutes.fr\/arts-stars\/people\/4086058-20240411-k-rowling-pardonnera-daniel-radcliffe-emma-watson-avis-personnes-transgenres\" target=\"_blank\" class=\"c-link c-link--is-underlined\" rel=\"noopener\">Daniel Radcliffe<\/a>. Devant les images des nouveaux acteurs, le trentenaire, devenu p\u00e8re d\u2019un gar\u00e7on avec sa compagne Erin Darke en\u00a02023, s\u2019est aussi rappel\u00e9 ses d\u00e9buts au cin\u00e9ma \u00e0 peu pr\u00e8s au m\u00eame \u00e2ge. Le com\u00e9dien a fait ses premiers pas dans le r\u00f4le de Harry Potter \u00e0 11 ans.<\/p>\n<p>\u00ab\u00a0J\u2019ai juste envie de leur faire un c\u00e2lin, ils ont l\u2019air si jeunes\u00a0\u00bb, a-t-il fait remarquer. \u00ab\u00a0Je les regarde et je me dis\u00a0: \u00ab\u00a0Oh c\u2019est dingue d\u2019avoir fait \u00e7a \u00e0 cet \u00e2ge\u00a0!\u00a0\u00bb Mais c\u2019est aussi incroyablement mignon et j\u2019esp\u00e8re qu\u2019ils passent un excellent moment.\u00a0\u00bb Daniel Radcliffe a interpr\u00e9t\u00e9 le c\u00e9l\u00e8bre sorcier dans huit films sortis entre\u00a01999 et\u00a02011.<\/p>\n<p>La franchise, dont le succ\u00e8s ne fl\u00e9chit pas, esp\u00e8re d\u00e9sormais attirer de nouvelles g\u00e9n\u00e9rations de fans au travers de sa s\u00e9rie HBO, qui a d\u00e9voil\u00e9 ces derniers mois son casting complet et devrait sortir sa premi\u00e8re saison en\u00a02027. La production a d\u00e9voil\u00e9 <a href=\"https:\/\/www.20minutes.fr\/diaporama\/diaporama-4163717-harry-potter-hermione-drago-rogue-hagrid-devinez-jouera-nouvelle-serie-hbo#d1223137\" target=\"_blank\" class=\"c-link c-link--is-underlined\" rel=\"noopener\">les visages des nouveaux acteurs<\/a>, qui comprennent notamment John Lithgow dans le r\u00f4le du professeur Albus Dumbledore et Nick Frost dans celui de Rubeus Hagrid, tandis que Janet McTeer prendra la suite de la regrett\u00e9e Maggie Smith dans le r\u00f4le du professeur McGonagall, et Paapa Essiedu incarnera le professeur Severus Rogue.<\/p>\n<p><script async src=\"\/\/www.instagram.com\/embed.js\"><\/script><\/p>\n","protected":false},"excerpt":{"rendered":"Daniel Radcliffe a eu une pens\u00e9e pour la nouvelle g\u00e9n\u00e9ration de la franchise Harry Potter. Le tournage d\u2019une&hellip;\n","protected":false},"author":2,"featured_media":545036,"comment_status":"","ping_status":"","sticky":false,"template":"","format":"standard","meta":{"footnotes":""},"categories":[1354],"tags":[22137,58,59,1346,1011,27,6610,5547,1360,973,133],"class_list":{"0":"post-545035","1":"post","2":"type-post","3":"status-publish","4":"format-standard","5":"has-post-thumbnail","7":"category-films","8":"tag-daniel-radcliffe","9":"tag-divertissement","10":"tag-entertainment","11":"tag-films","12":"tag-fr","13":"tag-france","14":"tag-harry-potter","15":"tag-hbo","16":"tag-movies","17":"tag-people","18":"tag-video"},"share_on_mastodon":{"url":"https:\/\/pubeurope.com\/@fr\/115577287602799110","error":""},"_links":{"self":[{"href":"https:\/\/www.europesays.com\/fr\/wp-json\/wp\/v2\/posts\/545035","targetHints":{"allow":["GET"]}}],"collection":[{"href":"https:\/\/www.europesays.com\/fr\/wp-json\/wp\/v2\/posts"}],"about":[{"href":"https:\/\/www.europesays.com\/fr\/wp-json\/wp\/v2\/types\/post"}],"author":[{"embeddable":true,"href":"https:\/\/www.europesays.com\/fr\/wp-json\/wp\/v2\/users\/2"}],"replies":[{"embeddable":true,"href":"https:\/\/www.europesays.com\/fr\/wp-json\/wp\/v2\/comments?post=545035"}],"version-history":[{"count":0,"href":"https:\/\/www.europesays.com\/fr\/wp-json\/wp\/v2\/posts\/545035\/revisions"}],"wp:featuredmedia":[{"embeddable":true,"href":"https:\/\/www.europesays.com\/fr\/wp-json\/wp\/v2\/media\/545036"}],"wp:attachment":[{"href":"https:\/\/www.europesays.com\/fr\/wp-json\/wp\/v2\/media?parent=545035"}],"wp:term":[{"taxonomy":"category","embeddable":true,"href":"https:\/\/www.europesays.com\/fr\/wp-json\/wp\/v2\/categories?post=545035"},{"taxonomy":"post_tag","embeddable":true,"href":"https:\/\/www.europesays.com\/fr\/wp-json\/wp\/v2\/tags?post=545035"}],"curies":[{"name":"wp","href":"https:\/\/api.w.org\/{rel}","templated":true}]}}