{"id":545045,"date":"2025-11-19T16:27:16","date_gmt":"2025-11-19T16:27:16","guid":{"rendered":"https:\/\/www.europesays.com\/fr\/545045\/"},"modified":"2025-11-19T16:27:16","modified_gmt":"2025-11-19T16:27:16","slug":"la-mairie-de-paris-sattaque-aux-decos-de-noel-du-bhv","status":"publish","type":"post","link":"https:\/\/www.europesays.com\/fr\/545045\/","title":{"rendered":"la mairie de Paris s\u2019attaque aux d\u00e9cos de No\u00ebl du BHV"},"content":{"rendered":"<p>        <img decoding=\"async\" loading=\"lazy\" src=\"https:\/\/www.europesays.com\/fr\/wp-content\/uploads\/2025\/11\/61a8f8d_upload-1-yfilbc2izg7t-afp-20251010-aa-10102025-2463497-v1-midres-frenchunionsprotestagainsts.jpeg\"  width=\"728\" height=\"410\" alt=\"Le BHV \u00e0 Paris, ici photographi\u00e9 le 10\u00a0octobre 2025.\"\/>  <\/p>\n<p>MOHAMAD SALAHELDIN ABDELG ALSAYE \/ Anadolu via AFP<\/p>\n<p>Le BHV \u00e0 Paris, ici photographi\u00e9 le 10\u00a0octobre 2025.<\/p>\n<p class=\"asset asset-text\">PARIS &#8211; Depuis la pol\u00e9mique Shein, rien ne va plus entre la mairie de Paris et le BHV. Le pr\u00e9sident de la Soci\u00e9t\u00e9 des grands magasins Fr\u00e9d\u00e9ric Merlin avait pour projet d\u2019illuminer la rue Rivoli avec des animations de No\u00ebl devant le grand magasin. Mais il s\u2019est vu refuser l\u2019autorisation n\u00e9cessaire par la ville.<\/p>\n<p class=\"asset asset-text\">Fr\u00e9d\u00e9ric Merlin avait vu les choses en grand pour cette \u00e9dition 2025. Le partenariat initialement pr\u00e9vu avec Disneyland devait se concr\u00e9tiser par une boutique \u00e9ph\u00e9m\u00e8re et un grand d\u00e9fil\u00e9 \u2013 sur la chauss\u00e9e situ\u00e9e devant l\u2019enseigne \u2013 de personnages embl\u00e9matiques du parc d\u2019attractions. D\u2019apr\u00e8s les informations du <a href=\"https:\/\/www.leparisien.fr\/paris-75\/on-ne-va-pas-faire-de-cadeau-la-ville-de-paris-prive-le-bhv-de-ses-animations-de-noel-rue-de-rivoli-18-11-2025-RS2BY4G6EZEN3NQHFVK3MC5AAQ.php?ts=1763543530062\" target=\"_blank\" rel=\"noopener\" title=\"Nouvelle fen\u00eatre\">Parisien<\/a> mardi 18\u00a0novembre, une premi\u00e8re demande d\u2019installation en ext\u00e9rieur au titre du r\u00e8glement des terrasses avait \u00e9t\u00e9 valid\u00e9e par la municipalit\u00e9. Et la pr\u00e9fecture de police \u00e9tait \u00e9galement favorable \u00e0 la demande de modification provisoire de la circulation devant le magasin.<\/p>\n<p class=\"asset asset-text\">Mais les choses ont commenc\u00e9 \u00e0 tourner au vinaigre pour le <a href=\"https:\/\/www.huffingtonpost.fr\/economie\/article\/shein-va-bien-ouvrir-au-bhv-dans-quelques-jours-malgre-l-intense-polemique_256622.html\" target=\"_blank\" rel=\"noopener\">BHV<\/a> quand <a href=\"https:\/\/www.huffingtonpost.fr\/economie\/article\/apres-la-polemique-shein-le-bhv-lache-par-disneyland-paris-pour-noel_256356.html\" target=\"_blank\" rel=\"noopener\">Disneyland s\u2019est finalement retir\u00e9 de l\u2019op\u00e9ration fin octobre<\/a> apr\u00e8s l\u2019arriv\u00e9e du g\u00e9ant Shein. L\u2019\u00e9quipe du grand magasin choisit de maintenir ses animations en ext\u00e9rieur, avant d\u2019\u00eatre r\u00e9primand\u00e9 par la ville, qui consid\u00e8re qu\u2019une nouvelle demande aurait d\u00fb \u00eatre faite.<\/p>\n<p>    Tensions avec la ville    <\/p>\n<p class=\"asset asset-text\">\u00ab\u00a0Nos services ont constat\u00e9 d\u00e9but novembre que les \u00e9quipes du BHV avaient commenc\u00e9 \u00e0 installer des sapins et du mobilier \u00e0 l\u2019ext\u00e9rieur du magasin\u00a0\u00bb, explique Nicolas Bonnet Oulaldj, adjoint (PCF) \u00e0 la maire de Paris charg\u00e9 du commerce. Le patron du magasin Fr\u00e9d\u00e9ric Martin adresse alors une demande en bonne et due forme \u00e0 la mairie de Paris, qui la refuse en invoquant de nombreux \u00e9v\u00e9nements pr\u00e9vus sur la voie publique pendant la p\u00e9riode de No\u00ebl.<\/p>\n<p class=\"asset asset-text\">La situation refl\u00e8te une p\u00e9riode de tensions plus larges entre la municipalit\u00e9 et la direction du grand magasin, deux semaines apr\u00e8s l\u2019installation de Shein au 6e \u00e9tage. Quelques jours plus t\u00f4t, le BHV se faisait verbaliser par la ville pour des affiches Shein sur la fa\u00e7ade du b\u00e2timent, faute d\u2019autorisation pr\u00e9alable.<\/p>\n<p class=\"asset asset-text\">\u00ab\u00a0Nous demandons \u00e0 M. Merlin de se conformer au r\u00e8glement. On ne va pas lui faire de cadeau. Il nous a d\u00e9clar\u00e9 la guerre, et quand quelqu\u2019un vous d\u00e9clare la guerre, vous vous d\u00e9fendez\u00a0\u00bb, affirme Nicolas Bonnet Oulaldj. Contact\u00e9e par Le Parisien, la direction du BHV n\u2019a pas donn\u00e9 suite. L\u2019inauguration des d\u00e9corations de No\u00ebl du magasin a eu lieu mardi soir.<\/p>\n","protected":false},"excerpt":{"rendered":"MOHAMAD SALAHELDIN ABDELG ALSAYE \/ Anadolu via AFP Le BHV \u00e0 Paris, ici photographi\u00e9 le 10\u00a0octobre 2025. PARIS&hellip;\n","protected":false},"author":2,"featured_media":545046,"comment_status":"","ping_status":"","sticky":false,"template":"","format":"standard","meta":{"footnotes":""},"categories":[6],"tags":[35,33,34,1011,27,18358,626,316,1104],"class_list":{"0":"post-545045","1":"post","2":"type-post","3":"status-publish","4":"format-standard","5":"has-post-thumbnail","7":"category-economie","8":"tag-business","9":"tag-economie","10":"tag-economy","11":"tag-fr","12":"tag-france","13":"tag-magasin","14":"tag-paris","15":"tag-politique","16":"tag-shein"},"share_on_mastodon":{"url":"https:\/\/pubeurope.com\/@fr\/115577306918912102","error":""},"_links":{"self":[{"href":"https:\/\/www.europesays.com\/fr\/wp-json\/wp\/v2\/posts\/545045","targetHints":{"allow":["GET"]}}],"collection":[{"href":"https:\/\/www.europesays.com\/fr\/wp-json\/wp\/v2\/posts"}],"about":[{"href":"https:\/\/www.europesays.com\/fr\/wp-json\/wp\/v2\/types\/post"}],"author":[{"embeddable":true,"href":"https:\/\/www.europesays.com\/fr\/wp-json\/wp\/v2\/users\/2"}],"replies":[{"embeddable":true,"href":"https:\/\/www.europesays.com\/fr\/wp-json\/wp\/v2\/comments?post=545045"}],"version-history":[{"count":0,"href":"https:\/\/www.europesays.com\/fr\/wp-json\/wp\/v2\/posts\/545045\/revisions"}],"wp:featuredmedia":[{"embeddable":true,"href":"https:\/\/www.europesays.com\/fr\/wp-json\/wp\/v2\/media\/545046"}],"wp:attachment":[{"href":"https:\/\/www.europesays.com\/fr\/wp-json\/wp\/v2\/media?parent=545045"}],"wp:term":[{"taxonomy":"category","embeddable":true,"href":"https:\/\/www.europesays.com\/fr\/wp-json\/wp\/v2\/categories?post=545045"},{"taxonomy":"post_tag","embeddable":true,"href":"https:\/\/www.europesays.com\/fr\/wp-json\/wp\/v2\/tags?post=545045"}],"curies":[{"name":"wp","href":"https:\/\/api.w.org\/{rel}","templated":true}]}}