{"id":545053,"date":"2025-11-19T16:31:28","date_gmt":"2025-11-19T16:31:28","guid":{"rendered":"https:\/\/www.europesays.com\/fr\/545053\/"},"modified":"2025-11-19T16:31:28","modified_gmt":"2025-11-19T16:31:28","slug":"noel-a-saint-etienne-top-depart-des-animations-sur-fond-de-securite-renforcee","status":"publish","type":"post","link":"https:\/\/www.europesays.com\/fr\/545053\/","title":{"rendered":"No\u00ebl\u00a0\u00e0 Saint-Etienne : top d\u00e9part des animations sur fond de s\u00e9curit\u00e9 renforc\u00e9e"},"content":{"rendered":"<p class=\"is-style-chapo\">Ce vendredi 21 novembre, le march\u00e9 de No\u00ebl ouvrira les portes de ses chalets \u00e0 Saint-Etienne, jusqu\u2019au 31 d\u00e9cembre. Comme chaque ann\u00e9e, les marqueurs indispensables sont de retour, comme la grande roue, le sapin g\u00e9ant, la patinoire, ou encore la bo\u00eete aux lettres pour envoyer sa liste au P\u00e8re No\u00ebl. Au regard de l\u2019incident survenu l\u2019an dernier, un accent tout particulier a \u00e9t\u00e9 mis sur la s\u00e9curit\u00e9.<\/p>\n<p><img fetchpriority=\"high\" decoding=\"async\" width=\"1024\" height=\"576\" src=\"https:\/\/www.europesays.com\/fr\/wp-content\/uploads\/2025\/11\/IMG_9532-1024x576.jpg\" alt=\"March\u00e9 de No\u00ebl\" class=\"wp-image-75664\"  \/>Le march\u00e9 de No\u00ebl de Saint-Etienne ouvrira vendredi 21 novembre. \u00a9JT\/ If Saint-Etienne <\/p>\n<p>\u00ab\u00a0Cette ann\u00e9e, on va s\u2019asseoir sur des bases solides, en conservant les configurations principales sur les places, et les animations qui sont pl\u00e9biscit\u00e9es\u00a0\u00bb, expliquait Marc Chassaub\u00e9n\u00e9, adjoint au maire de Saint-Etienne charg\u00e9 de la culture, lors de la conf\u00e9rence de presse de pr\u00e9sentation des animations de No\u00ebl. C\u2019est ce vendredi 21 novembre que le <a href=\"https:\/\/www.if-saint-etienne.fr\/culture-loisirs\/saint-etienne-fait-le-plein-danimations-de-noel\" target=\"_blank\" rel=\"noreferrer noopener\">march\u00e9 de No\u00ebl<\/a> de la place de l\u2019H\u00f4tel-de-Ville ouvrira ses portes, jusqu\u2019au 31 d\u00e9cembre. Et, malgr\u00e9 les travaux de r\u00e9paration de la fuite d\u2019eau, la grande roue sera de retour devant la mairie. \u00ab\u00a0On trouvera cette ann\u00e9e encore des chalets gourmands, des id\u00e9es cadeaux, avec sept nouveaux commer\u00e7ants \u00bb, a d\u00e9taill\u00e9 Pascale Lacour, adjointe charg\u00e9e du commerce.<\/p>\n<p>Au total, plus de 50 chalets investiront la place pendant <a href=\"https:\/\/www.saint-etienne.fr\/publications\/noel-sainte\" target=\"_blank\" rel=\"noreferrer noopener\">les f\u00eates<\/a>, proposant des bijoux, des sp\u00e9cialit\u00e9s italiennes, for\u00e9ziennes, qu\u00e9b\u00e9coises et alsaciennes, des produits artisanaux et locaux, des cadeaux, ainsi que des jouets. Parmi les nouveaut\u00e9s, des objets d\u00e9co fait \u00e0 partir de mat\u00e9riaux de r\u00e9cup\u00e9ration, des tableaux et cartes postales, de la d\u00e9co en vinyle, etc. Nouveaut\u00e9 cette ann\u00e9e, deux cabines photos seront install\u00e9es sur les places de l\u2019H\u00f4tel-de-Ville et Jean Jaur\u00e8s, pour r\u00e9aliser des photos souvenir.<\/p>\n<p>Before de No\u00ebl<\/p>\n<p>La place Jean Jaur\u00e8s qui retrouvera elle aussi ses marqueurs avec son sapin g\u00e9ant, sa patinoire, sa descente en luge ou encore son petit train. Les enfants pourront aller \u00e0 la rencontre du P\u00e8re No\u00ebl install\u00e9 avec son tra\u00eeneau sous le kiosque, et prendre la pose \u00e0 ses c\u00f4t\u00e9s. Un peu plus loin sur la place Dorian, le grand barbu sera dans son atelier et des s\u00e9ances photo seront propos\u00e9es au profit de l\u2019association M la vie avec Lisa, pour financer la recherche contre le sarcome d\u2019Ewing, ainsi que d\u2019Immunorare, qui adire \u00e0 la recherche de nouveaux traitements par immunoth\u00e9rapie sur cinq cancers rares de l\u2019adulte.<\/p>\n<p>En parall\u00e8le de toutes ces installations, des spectacles de rue auront lieu tous les week-ends, jusqu\u2019au 21 d\u00e9cembre. Les samedi et dimanche apr\u00e8s-midi, des circassiens, des danseurs, ainsi que des musiciens animeront les places Jean-Jaur\u00e8s et de l\u2019H\u00f4tel-de-Ville. Et tous les vendredis, du 28 novembre au 19 d\u00e9cembre, les Before de No\u00ebl viendront animer le march\u00e9 avec des concerts gratuits programm\u00e9s de 18 h \u00e0 20 h.<\/p>\n<p>F\u00e9\u00e9rie et s\u00e9curit\u00e9<\/p>\n<p>L\u2019an dernier, un drame avait \u00e9t\u00e9 \u00e9vit\u00e9 de justesse \u00e0 deux pas du march\u00e9 de No\u00ebl de Saint-Etienne, tandis qu\u2019un homme avait agress\u00e9 et menac\u00e9 une passante \u00e0 l\u2019arme blanche avant d\u2019\u00eatre abattu par un policier municipal. C\u2019est donc en toute logique que l\u2019accent a \u00e9t\u00e9 mis sur la s\u00e9curit\u00e9 cette ann\u00e9e. \u00ab Par rapport \u00e0 l\u2019an dernier, le nombre de policiers pr\u00e9sents sera doubl\u00e9, a pr\u00e9cis\u00e9 Marie-Jo P\u00e9rez, adjointe charg\u00e9e de la s\u00e9curit\u00e9. La police municipale veillera quotidiennement sur les St\u00e9phanois. Et les effectifs seront encore doubl\u00e9s les jours de fortes affluences, les mercredi, samedi et dimanche\u00a0\u00bb. En parall\u00e8le, un dispositif de s\u00e9curit\u00e9 priv\u00e9 veillera sur les chalets la nuit. Puis, \u00ab la Bac et les militaires de l\u2019op\u00e9ration Sentinelle patrouilleront aussi sur le march\u00e9 \u00bb.<\/p>\n<p>C\u00f4t\u00e9 commerces, tous ont le droit d\u2019ouvrir tous les dimanches de d\u00e9cembre. Enfin, la Stas met en place une gratuit\u00e9 totale de son r\u00e9seau les 13-14 et 20-21 d\u00e9cembre.<\/p>\n","protected":false},"excerpt":{"rendered":"Ce vendredi 21 novembre, le march\u00e9 de No\u00ebl ouvrira les portes de ses chalets \u00e0 Saint-Etienne, jusqu\u2019au 31&hellip;\n","protected":false},"author":2,"featured_media":545054,"comment_status":"","ping_status":"","sticky":false,"template":"","format":"standard","meta":{"footnotes":""},"categories":[9653],"tags":[1111,11,1063,2430,37948,1777,674,14012,1011,27,36053,65292,12,25,4001],"class_list":{"0":"post-545053","1":"post","2":"type-post","3":"status-publish","4":"format-standard","5":"has-post-thumbnail","7":"category-saint-etienne","8":"tag-actu","9":"tag-actualites","10":"tag-animations","11":"tag-auvergne-rhone-alpes","12":"tag-commerces-saint-etienne","13":"tag-eu","14":"tag-europe","15":"tag-festif","16":"tag-fr","17":"tag-france","18":"tag-marche-de-noel","19":"tag-marche-de-noel-de-saint-etienne","20":"tag-news","21":"tag-republique-francaise","22":"tag-saint-etienne"},"share_on_mastodon":{"url":"https:\/\/pubeurope.com\/@fr\/115577323101908464","error":""},"_links":{"self":[{"href":"https:\/\/www.europesays.com\/fr\/wp-json\/wp\/v2\/posts\/545053","targetHints":{"allow":["GET"]}}],"collection":[{"href":"https:\/\/www.europesays.com\/fr\/wp-json\/wp\/v2\/posts"}],"about":[{"href":"https:\/\/www.europesays.com\/fr\/wp-json\/wp\/v2\/types\/post"}],"author":[{"embeddable":true,"href":"https:\/\/www.europesays.com\/fr\/wp-json\/wp\/v2\/users\/2"}],"replies":[{"embeddable":true,"href":"https:\/\/www.europesays.com\/fr\/wp-json\/wp\/v2\/comments?post=545053"}],"version-history":[{"count":0,"href":"https:\/\/www.europesays.com\/fr\/wp-json\/wp\/v2\/posts\/545053\/revisions"}],"wp:featuredmedia":[{"embeddable":true,"href":"https:\/\/www.europesays.com\/fr\/wp-json\/wp\/v2\/media\/545054"}],"wp:attachment":[{"href":"https:\/\/www.europesays.com\/fr\/wp-json\/wp\/v2\/media?parent=545053"}],"wp:term":[{"taxonomy":"category","embeddable":true,"href":"https:\/\/www.europesays.com\/fr\/wp-json\/wp\/v2\/categories?post=545053"},{"taxonomy":"post_tag","embeddable":true,"href":"https:\/\/www.europesays.com\/fr\/wp-json\/wp\/v2\/tags?post=545053"}],"curies":[{"name":"wp","href":"https:\/\/api.w.org\/{rel}","templated":true}]}}