{"id":545068,"date":"2025-11-19T16:40:12","date_gmt":"2025-11-19T16:40:12","guid":{"rendered":"https:\/\/www.europesays.com\/fr\/545068\/"},"modified":"2025-11-19T16:40:12","modified_gmt":"2025-11-19T16:40:12","slug":"le-beaujolais-nouveau-cest-ce-jeudi-voici-des-soirees-pour-le-feter-a-rouen","status":"publish","type":"post","link":"https:\/\/www.europesays.com\/fr\/545068\/","title":{"rendered":"Le Beaujolais nouveau, c&rsquo;est ce jeudi ! Voici des soir\u00e9es pour le f\u00eater \u00e0 Rouen"},"content":{"rendered":"<p>                    Par<br \/>\n        <strong><br \/>\n            <a href=\"https:\/\/actu.fr\/auteur\/julien-bouteiller\" title=\"Consulter tous les articles de Julien Bouteiller\" target=\"_blank\" rel=\"noopener\">Julien Bouteiller<\/a><br \/>\n                    <\/strong><\/p>\n<p>        Publi\u00e9 le<\/p>\n<p>            19 nov. 2025 \u00e0 17h18        <\/p>\n<p><strong>Quel go\u00fbt aura-t-il cette ann\u00e9e ?<\/strong> <a href=\"https:\/\/actu.fr\/tag\/beaujolais\" target=\"_blank\" rel=\"noopener\">Le Beaujolais nouveau arrive<\/a>, et comme le veut la tradition, il est c\u00e9l\u00e9br\u00e9 ce jeudi 20 novembre 2025. <strong>De nombreux \u00e9v\u00e9nements sont pr\u00e9vus \u00e0 Rouen<\/strong> pour l\u2019occasion. Si vous voulez d\u00e9guster (avec mod\u00e9ration) ce nouveau cru, voici une s\u00e9lection, bien \u00e9videmment non-exhaustive, de soir\u00e9es.\u00a0<\/p>\n<p>Notre s\u00e9lection de soir\u00e9es Beaujolais \u00e0 Rouen<\/p>\n<p class=\" wall-content\"><strong>\u2022 Le Clipper, 11, rue des Boucheries Saint-Ouen :<\/strong> <a href=\"https:\/\/actu.fr\/normandie\/rouen_76540\/quinze-ans-plus-tard-un-grand-et-mythique-bar-de-pirates-fait-son-retour-a-rouen_63079961.html\" target=\"_blank\" rel=\"noopener\">le bar qui vient de rena\u00eetre<\/a> propose une soir\u00e9e en pr\u00e9sence d\u2019un vigneron, avec buffet de charcuterie et fromage \u00e0 volont\u00e9.<\/p>\n<p class=\" wall-content\"><strong>\u2022 Au 2e, 220, rue Martainville :<\/strong> <a href=\"https:\/\/actu.fr\/normandie\/rouen_76540\/en-plein-coeur-de-rouen-un-bar-a-vin-a-la-bonne-franquette-va-remplacer-un-restaurant-emblematique_63303322.html\" target=\"_blank\" rel=\"noopener\">l\u2019un des nouveaux bars \u00e0 vin de l\u2019hypercentre<\/a> propose de d\u00e9couvrir le Morgon du Domaine Montangeron.<\/p>\n<p class=\" wall-content\"><strong>\u2022 Jaja, 13, rue, du P\u00e8re Adam <\/strong>: <a href=\"https:\/\/actu.fr\/normandie\/rouen_76540\/decouvrez-jaja-le-bar-a-vin-qui-remplace-le-p-tit-verdot-a-rouen_63325669.html\" target=\"_blank\" rel=\"noopener\">autre nouveau bar \u00e0 vin<\/a>, ici le Beaujolais se f\u00eatera avec une formule bouteille et planche mixte.<\/p>\n<p class=\" wall-content\"><strong>\u2022 Le Pr\u00eachoir, 148, rue Eau de Robec <\/strong>: l\u00e0 aussi, une formule bouteille et planche est au programme, avec en bonus un DJ set de Maison Ulna.<\/p>\n<p class=\" wall-content\">\u2022\u00a0<strong>Louisette, 35, rue Perci\u00e8re :\u00a0<\/strong> <a href=\"https:\/\/actu.fr\/normandie\/rouen_76540\/a-23-ans-cette-rouennaise-realise-son-reve-d-ouvrir-un-restaurant-autour-du-partage_60413210.html\" target=\"_blank\" rel=\"noopener\">la \u00ab\u00a0cave \u00e0 manger\u00a0\u00bb<\/a> propose une formule incluant une bouteille de Beaujolais, des panisses, yaourt aux herbes et zaatar et tarama de haddock.<\/p>\n<p class=\" wall-content\"><strong>\u2022 Le Nash, 97, rue \u00c9cuy\u00e8re : <\/strong>outre le vin, on pourra profiter d\u2019une ambiance musicale avec un duo guitare-accord\u00e9on et d\u2019une d\u00e9monstration d\u2019un hypnotiseur (pour faire oublier le go\u00fbt de banane ?).<\/p>\n<p>Votre r\u00e9gion, votre actu !<\/p>\n<p>Recevez chaque jour les infos qui comptent pour vous.<\/p>\n<p>\t<a href=\"https:\/\/actu.fr\/newsletter\" class=\"ac-btn ac-btn--corner ac-btn--medium ac-btn--blue800\" target=\"_blank\" rel=\"noopener\">S&rsquo;incrire<\/a><\/p>\n<p class=\" wall-content\"><strong>\u2022 L\u2019\u00c9cuyer, 79, rue \u00c9cuy\u00e8re : <\/strong>si vous n\u2019\u00eates pas tr\u00e8s vin, vous pouvez tester la sangria sp\u00e9ciale Beaujolais !<\/p>\n<p class=\" wall-content\"><strong>\u2022 La Boh\u00e8me, 12, place Saint-Amand :<\/strong> <a href=\"https:\/\/actu.fr\/normandie\/rouen_76540\/la-boheme-plus-vieille-boite-de-nuit-de-france-fete-ses-100-ans-son-patron-raconte_56923936.html\" target=\"_blank\" rel=\"noopener\">la mythique bo\u00eete de nuit<\/a> ouvre les portes d\u00e8s 19h avec du vin, des planches et un blind-test. Attention, <a href=\"https:\/\/laboheme-rouen.placeminute.com\/event\/afterwork\/l-apero-de-la-bobo-special-beaujolais,47292.html?fbclid=IwY2xjawOKtzpleHRuA2FlbQIxMABicmlkETFHOHFjM2tua1JkWVdpQWpJc3J0YwZhcHBfaWQQMjIyMDM5MTc4ODIwMDg5MgABHshv4Mh4kEhmCz2XBQg2hWpm2vQScneRIMk5yn1akxUgtkqkzYfztpys9Gf-_aem_OwnQbyrCF91Gdg5Eg04ooQ\" target=\"_blank\" rel=\"noopener\">il faut r\u00e9server<\/a> !<\/p>\n<p class=\" wall-content\"><strong>\u2022 Muse, 4, impasse des Hauts Mariages : <\/strong><a href=\"https:\/\/actu.fr\/normandie\/rouen_76540\/exclusif-muse-un-nouveau-bar-en-plein-coeur-de-rouen-qui-mise-sur-la-simplicite_62006547.html\" target=\"_blank\" rel=\"noopener\">le bar ouvert il y a bient\u00f4t un an<\/a> proposera une formule bouteille et deux tapas au choix, d\u00e8s 17h.<\/p>\n<p class=\" wall-content\"><strong>\u2022 Les Explorateurs, 54, rue de la R\u00e9publique : <\/strong>le lieu f\u00eatera le Beaujolais en offrant le saucisson pour une bouteille achet\u00e9e, et vous invite \u00e0 un jeu concours ou sur la piste de danse.<\/p>\n<p class=\" wall-content\">Notez bien que certains lieux \u00e9tant petits, il peut \u00eatre conseill\u00e9 de r\u00e9server au pr\u00e9alable.<\/p>\n<p>L\u2019abus d\u2019alcool est dangereux pour la sant\u00e9, il faut le consommer avec mod\u00e9ration.<\/p>\n<p>Suivez l\u2019actualit\u00e9 de Rouen <a href=\"https:\/\/www.whatsapp.com\/channel\/0029VaKfnf99hXF2ddApFB1D\" target=\"_blank\" rel=\"noopener\">sur notre cha\u00eene WhatsApp<\/a> et <a href=\"https:\/\/www.tiktok.com\/@76actu.fr?lang=fr\" target=\"_blank\" rel=\"noopener\">sur notre compte TikTok<\/a><\/p>\n<p class=\" wall-content\">Personnalisez votre actualit\u00e9 en ajoutant vos villes et m\u00e9dias en favori avec <a href=\"https:\/\/moncompte.actu.fr\" title=\"D\u00e9couvez Mon Actu\" rel=\"nofollow noopener\" data-trk=\"{&quot;cta&quot;:{&quot;action&quot;:&quot;https:\\\/\\\/moncompte.actu.fr&quot;,&quot;category&quot;:&quot;mon compte&quot;,&quot;from&quot;:&quot;article footer&quot;,&quot;name&quot;:&quot;Mon actu&quot;,&quot;type&quot;:&quot;cta&quot;}}\" target=\"_blank\">Mon Actu<\/a>.<\/p>\n<p>                    <script async src=\"\/\/www.tiktok.com\/embed.js\"><\/script><\/p>\n","protected":false},"excerpt":{"rendered":"Par Julien Bouteiller Publi\u00e9 le 19 nov. 2025 \u00e0 17h18 Quel go\u00fbt aura-t-il cette ann\u00e9e ? Le Beaujolais&hellip;\n","protected":false},"author":2,"featured_media":545069,"comment_status":"","ping_status":"","sticky":false,"template":"","format":"standard","meta":{"footnotes":""},"categories":[9587],"tags":[1111,11,8079,9086,9782,1777,674,1011,27,1652,12,5161,25,9590,1662],"class_list":{"0":"post-545068","1":"post","2":"type-post","3":"status-publish","4":"format-standard","5":"has-post-thumbnail","7":"category-rouen","8":"tag-actu","9":"tag-actualites","10":"tag-beaujolais","11":"tag-bon-plan-a-rouen","12":"tag-dans-les-bars","13":"tag-eu","14":"tag-europe","15":"tag-fr","16":"tag-france","17":"tag-loisirs-culture","18":"tag-news","19":"tag-normandie","20":"tag-republique-francaise","21":"tag-rouen","22":"tag-vin"},"share_on_mastodon":{"url":"https:\/\/pubeurope.com\/@fr\/115577357846721832","error":""},"_links":{"self":[{"href":"https:\/\/www.europesays.com\/fr\/wp-json\/wp\/v2\/posts\/545068","targetHints":{"allow":["GET"]}}],"collection":[{"href":"https:\/\/www.europesays.com\/fr\/wp-json\/wp\/v2\/posts"}],"about":[{"href":"https:\/\/www.europesays.com\/fr\/wp-json\/wp\/v2\/types\/post"}],"author":[{"embeddable":true,"href":"https:\/\/www.europesays.com\/fr\/wp-json\/wp\/v2\/users\/2"}],"replies":[{"embeddable":true,"href":"https:\/\/www.europesays.com\/fr\/wp-json\/wp\/v2\/comments?post=545068"}],"version-history":[{"count":0,"href":"https:\/\/www.europesays.com\/fr\/wp-json\/wp\/v2\/posts\/545068\/revisions"}],"wp:featuredmedia":[{"embeddable":true,"href":"https:\/\/www.europesays.com\/fr\/wp-json\/wp\/v2\/media\/545069"}],"wp:attachment":[{"href":"https:\/\/www.europesays.com\/fr\/wp-json\/wp\/v2\/media?parent=545068"}],"wp:term":[{"taxonomy":"category","embeddable":true,"href":"https:\/\/www.europesays.com\/fr\/wp-json\/wp\/v2\/categories?post=545068"},{"taxonomy":"post_tag","embeddable":true,"href":"https:\/\/www.europesays.com\/fr\/wp-json\/wp\/v2\/tags?post=545068"}],"curies":[{"name":"wp","href":"https:\/\/api.w.org\/{rel}","templated":true}]}}