{"id":54507,"date":"2025-04-26T13:43:08","date_gmt":"2025-04-26T13:43:08","guid":{"rendered":"https:\/\/www.europesays.com\/fr\/54507\/"},"modified":"2025-04-26T13:43:08","modified_gmt":"2025-04-26T13:43:08","slug":"atp-madrid-le-coup-de-gueule-de-nicolas-mahut-sur-les-pauses-toilette-comment-on-faisait-avant","status":"publish","type":"post","link":"https:\/\/www.europesays.com\/fr\/54507\/","title":{"rendered":"ATP &#8211; Madrid > Le coup de gueule de Nicolas Mahut sur les pauses toilette : \u00ab\u00a0Comment on faisait avant ?\u00a0\u00bb"},"content":{"rendered":"<p>Alors qu\u2019il commen\u00adtait la rencontre entre Alex De Minaur et Lorenzo Sonego, comp\u00adtant pour le deuxi\u00e8me tour du Masters 1000 de Madrid, en direct sur Eurosport, Nicolas Mahut a fait part d\u2019un certain ras\u2010le\u2010bol concer\u00adnant les temps morts injus\u00adti\u00adfi\u00e9s \u00e0 r\u00e9p\u00e9\u00adti\u00adtion, notam\u00adment \u00e0 cause des fameuses pauses toilette, pratique devenue presque banales ces derni\u00e8res ann\u00e9es.\u00a0<\/p>\n<p>Et apr\u00e8s le passage de l\u2019Italien aux WC \u00e0 la fin du premier set (conc\u00e9d\u00e9 en \u00e0 peine 35\u202fminutes), le consul\u00adtant fran\u00ad\u00e7ais a donn\u00e9 clai\u00adre\u00adment son\u00a0avis.\u00a0<\/p>\n<p><strong>\u00ab\u202fNon, \u00e7a ce n\u2019est pas quelque chose qu\u2019on valide. Alors, heureu\u00adse\u00adment \u00e0 Madrid, c\u2019est vrai\u00adment juste \u00e0 c\u00f4t\u00e9 du terrain, et fina\u00adle\u00adment voil\u00e0 il (Sonego) est parti 2\u20133\u202fminutes, mais comment on faisait avant\u202f? On chan\u00adgeait de tee\u2010shirt sur le terrain, on allait aux toilettes quand vrai\u00adment on n\u2019en pouvait plus, on ne pouvait plus se retenir. C\u2019est l\u2019\u00e9volution que je n\u2019ai pas aim\u00e9. L\u00e0 encore c\u2019est rest\u00e9 correct et raisonnable.\u202f\u00bb<\/strong><\/p>\n<p class=\"post-published-date\" style=\"color: silver; font-size: 75%; text-align: left;\">Publi\u00e9 le samedi 26 avril 2025 \u00e0 14:45<\/p>\n","protected":false},"excerpt":{"rendered":"Alors qu\u2019il commen\u00adtait la rencontre entre Alex De Minaur et Lorenzo Sonego, comp\u00adtant pour le deuxi\u00e8me tour du&hellip;\n","protected":false},"author":2,"featured_media":54508,"comment_status":"","ping_status":"","sticky":false,"template":"","format":"standard","meta":{"footnotes":""},"categories":[1415],"tags":[8081,1011,27,60,1467],"class_list":{"0":"post-54507","1":"post","2":"type-post","3":"status-publish","4":"format-standard","5":"has-post-thumbnail","7":"category-tennis","8":"tag-de-minaur","9":"tag-fr","10":"tag-france","11":"tag-sports","12":"tag-tennis"},"share_on_mastodon":{"url":"https:\/\/pubeurope.com\/@fr\/114404563573245999","error":""},"_links":{"self":[{"href":"https:\/\/www.europesays.com\/fr\/wp-json\/wp\/v2\/posts\/54507","targetHints":{"allow":["GET"]}}],"collection":[{"href":"https:\/\/www.europesays.com\/fr\/wp-json\/wp\/v2\/posts"}],"about":[{"href":"https:\/\/www.europesays.com\/fr\/wp-json\/wp\/v2\/types\/post"}],"author":[{"embeddable":true,"href":"https:\/\/www.europesays.com\/fr\/wp-json\/wp\/v2\/users\/2"}],"replies":[{"embeddable":true,"href":"https:\/\/www.europesays.com\/fr\/wp-json\/wp\/v2\/comments?post=54507"}],"version-history":[{"count":0,"href":"https:\/\/www.europesays.com\/fr\/wp-json\/wp\/v2\/posts\/54507\/revisions"}],"wp:featuredmedia":[{"embeddable":true,"href":"https:\/\/www.europesays.com\/fr\/wp-json\/wp\/v2\/media\/54508"}],"wp:attachment":[{"href":"https:\/\/www.europesays.com\/fr\/wp-json\/wp\/v2\/media?parent=54507"}],"wp:term":[{"taxonomy":"category","embeddable":true,"href":"https:\/\/www.europesays.com\/fr\/wp-json\/wp\/v2\/categories?post=54507"},{"taxonomy":"post_tag","embeddable":true,"href":"https:\/\/www.europesays.com\/fr\/wp-json\/wp\/v2\/tags?post=54507"}],"curies":[{"name":"wp","href":"https:\/\/api.w.org\/{rel}","templated":true}]}}