{"id":545076,"date":"2025-11-19T16:44:09","date_gmt":"2025-11-19T16:44:09","guid":{"rendered":"https:\/\/www.europesays.com\/fr\/545076\/"},"modified":"2025-11-19T16:44:09","modified_gmt":"2025-11-19T16:44:09","slug":"le-departement-dille-et-vilaine-place-en-vigilance","status":"publish","type":"post","link":"https:\/\/www.europesays.com\/fr\/545076\/","title":{"rendered":"le d\u00e9partement d&rsquo;Ille-et-Vilaine plac\u00e9 en vigilance"},"content":{"rendered":"<p>                    Par<br \/>\n        <strong><br \/>\n            <a href=\"https:\/\/actu.fr\/auteur\/brian-legoff\" title=\"Consulter tous les articles de Brian Le Goff\" rel=\"nofollow noopener\" target=\"_blank\">Brian Le Goff<\/a><br \/>\n                    <\/strong><\/p>\n<p>        Publi\u00e9 le<\/p>\n<p>            19 nov. 2025 \u00e0 17h06        <\/p>\n<p>L\u2019arriv\u00e9e d\u2019un temps hivernal depuis le d\u00e9but de semaine va s\u2019accentuer, dans la nuit de mercredi\u00a019 \u00e0 jeudi 20\u00a0novembre. La neige et le verglas vont <a href=\"https:\/\/actu.fr\/meteo\/neige-et-verglas-ce-jeudi-la-moitie-de-la-france-en-vigilance-voici-a-quoi-s-attendre_63458576.html\" rel=\"nofollow noopener\" target=\"_blank\">faire leur apparition sur une large moiti\u00e9 de la France<\/a>. En Bretagne, l\u2019Ille-et-Vilaine a \u00e9t\u00e9 plac\u00e9e, \u00e0 cette heure, en <strong>vigilance jaune<\/strong> neige-verglas, par M\u00e9t\u00e9o France.<\/p>\n<p class=\" wall-content\">\n<p class=\" wall-content\">Elle prendra effet \u00e0 partir <strong>de jeudi, 6h, et ce, jusqu\u2019\u00e0 12h<\/strong>. \u00ab\u2009Un refroidissement s\u2019op\u00e8re au cours de prochaines heures\u2009\u00bb, expliquait \u00e0 actu Rennes S\u00e9bastien Decaux, m\u00e9t\u00e9orologue pour M\u00e9t\u00e9o Bretagne, dans un article d\u00e9di\u00e9 aux pr\u00e9visions des prochains jours, ce mercredi matin.<\/p>\n<p class=\" wall-content\">Souvenez-vous, il y a quasiment un an, \u00e0 un jour pr\u00e8s, il avait <a href=\"https:\/\/actu.fr\/bretagne\/rennes_35238\/photos-rennes-la-neige-tombe-des-ce-matin-sur-la-ville-voici-les-images_61893348.html\" rel=\"nofollow noopener\" target=\"_blank\">d\u00e9j\u00e0 neig\u00e9 en Ille-et-Vilaine et notamment \u00e0 Rennes<\/a>. Sera-t-il de m\u00eame ce jeudi matin\u2009? Il n\u2019y a plus qu\u2019\u00e0 patienter pour le savoir.<\/p>\n<p class=\" wall-content\">Personnalisez votre actualit\u00e9 en ajoutant vos villes et m\u00e9dias en favori avec <a href=\"https:\/\/moncompte.actu.fr\" title=\"D\u00e9couvez Mon Actu\" rel=\"nofollow noopener\" data-trk=\"{&quot;cta&quot;:{&quot;action&quot;:&quot;https:\\\/\\\/moncompte.actu.fr&quot;,&quot;category&quot;:&quot;mon compte&quot;,&quot;from&quot;:&quot;article footer&quot;,&quot;name&quot;:&quot;Mon actu&quot;,&quot;type&quot;:&quot;cta&quot;}}\" target=\"_blank\">Mon Actu<\/a>.<\/p>\n","protected":false},"excerpt":{"rendered":"Par Brian Le Goff Publi\u00e9 le 19 nov. 2025 \u00e0 17h06 L\u2019arriv\u00e9e d\u2019un temps hivernal depuis le d\u00e9but&hellip;\n","protected":false},"author":2,"featured_media":545077,"comment_status":"","ping_status":"","sticky":false,"template":"","format":"standard","meta":{"footnotes":""},"categories":[2821],"tags":[1111,11,829,1777,674,1011,27,2357,10584,12,584,25,104],"class_list":{"0":"post-545076","1":"post","2":"type-post","3":"status-publish","4":"format-standard","5":"has-post-thumbnail","7":"category-rennes","8":"tag-actu","9":"tag-actualites","10":"tag-bretagne","11":"tag-eu","12":"tag-europe","13":"tag-fr","14":"tag-france","15":"tag-meteo-france","16":"tag-neige","17":"tag-news","18":"tag-rennes","19":"tag-republique-francaise","20":"tag-societe"},"share_on_mastodon":{"url":"https:\/\/pubeurope.com\/@fr\/115577373700047919","error":""},"_links":{"self":[{"href":"https:\/\/www.europesays.com\/fr\/wp-json\/wp\/v2\/posts\/545076","targetHints":{"allow":["GET"]}}],"collection":[{"href":"https:\/\/www.europesays.com\/fr\/wp-json\/wp\/v2\/posts"}],"about":[{"href":"https:\/\/www.europesays.com\/fr\/wp-json\/wp\/v2\/types\/post"}],"author":[{"embeddable":true,"href":"https:\/\/www.europesays.com\/fr\/wp-json\/wp\/v2\/users\/2"}],"replies":[{"embeddable":true,"href":"https:\/\/www.europesays.com\/fr\/wp-json\/wp\/v2\/comments?post=545076"}],"version-history":[{"count":0,"href":"https:\/\/www.europesays.com\/fr\/wp-json\/wp\/v2\/posts\/545076\/revisions"}],"wp:featuredmedia":[{"embeddable":true,"href":"https:\/\/www.europesays.com\/fr\/wp-json\/wp\/v2\/media\/545077"}],"wp:attachment":[{"href":"https:\/\/www.europesays.com\/fr\/wp-json\/wp\/v2\/media?parent=545076"}],"wp:term":[{"taxonomy":"category","embeddable":true,"href":"https:\/\/www.europesays.com\/fr\/wp-json\/wp\/v2\/categories?post=545076"},{"taxonomy":"post_tag","embeddable":true,"href":"https:\/\/www.europesays.com\/fr\/wp-json\/wp\/v2\/tags?post=545076"}],"curies":[{"name":"wp","href":"https:\/\/api.w.org\/{rel}","templated":true}]}}