{"id":545080,"date":"2025-11-19T16:46:23","date_gmt":"2025-11-19T16:46:23","guid":{"rendered":"https:\/\/www.europesays.com\/fr\/545080\/"},"modified":"2025-11-19T16:46:23","modified_gmt":"2025-11-19T16:46:23","slug":"jean-philippe-vetter-priorise-lordre-republicain-et-appelle-jakubowicz-a-le-rejoindre","status":"publish","type":"post","link":"https:\/\/www.europesays.com\/fr\/545080\/","title":{"rendered":"Jean-Philippe Vetter priorise \u00ab\u00a0l\u2019ordre r\u00e9publicain\u00a0\u00bb et appelle Jakubowicz \u00e0 le rejoindre"},"content":{"rendered":"<p>Ils sont tous l\u00e0\u2026 Ses partisans, arriv\u00e9s tr\u00e8s en avance pour s\u2019assurer une place tant l\u2019affluence est forte. La conseill\u00e8re r\u00e9gionale Ir\u00e8ne Weiss (LR), qui distribue la parole. Deux repr\u00e9sentants des \u201cJeunes avec Vetter\u201d et de la diversit\u00e9\u00a0; les membres du \u201cXV de Strasbourg\u201d, l\u2019\u00e9quipe de la soci\u00e9t\u00e9 civile charg\u00e9e de phosphorer sur le futur projet\u00a0; les maires alli\u00e9s, t\u00e9moins d\u2019une droite alsacienne \u2013 et m\u00eame lyonnaise \u2014 qui s\u2019organise pour bouter les \u00e9cologistes hors de Strasbourg et faire gagner son poulain.<\/p>\n<p>\u00c0 l\u2019Aubette, ce mardi soir 18 novembre, il n\u2019est gu\u00e8re que <a href=\"https:\/\/www.dna.fr\/p\/jean-philippe-vetter\" target=\"_blank\" rel=\"noopener\">Jean-Philippe Vetter<\/a>, candidat (LR) aux municipales de mars\u00a02026, qui s\u2019est fait attendre, ne montant sur sc\u00e8ne sous les vivats qu\u2019\u00e0 21\u00a0h bien sonn\u00e9es.<\/p>\n<p>  \u00ab\u00a0Toutes les grandes r\u00e9ussites sont collectives\u00a0\u00bb<\/p>\n<p>Celui qui aime filer la m\u00e9taphore sportive et rappeler que \u00ab\u00a0toutes les grandes r\u00e9ussites sont collectives\u00a0\u00bb a laiss\u00e9 son \u00e9quipe chauffer la salle. Au gr\u00e9 de deux tables rondes\u00a0; <a href=\"https:\/\/www.dna.fr\/elections\/2025\/09\/20\/nicolas-matt-(renaissance)-se-range-derriere-jean-philippe-vetter-(lr)-a-strasbourg\" target=\"_blank\" rel=\"noopener\">puis d\u2019un discours de Nicolas Matt (Renaissance), qui l\u2019a rejoint d\u00e8s septembre<\/a> \u00ab\u00a0par fid\u00e9lit\u00e9 \u00e0 Strasbourg\u00a0\u00bb et a eu droit \u00e0 un temps de parole \u00e0 la mesure de son ego sacrifi\u00e9. L\u2019occasion de dire tout le mal qu\u2019il pense des sortants, \u00ab\u00a0responsables d\u2019une double faillite d\u00e9mocratique et financi\u00e8re\u00a0\u00bb \u00e0 laquelle seule \u00ab\u00a0l\u2019union de tous les talents\u00a0\u00bb saura mettre un terme.<\/p>\n<p class=\"txt\">On ne g\u00e8re pas une ville du haut de son pi\u00e9destal ou de son g\u00e9nie solitaire<\/p>\n<p class=\"nom\">Jean-Philippe Vetter<\/p>\n<p>Sur ce terrain parfaitement pr\u00e9par\u00e9 o\u00f9 chacun savait \u00e0 quel poste jouer (\u00e9conomie, culture, s\u00e9curit\u00e9\u2026), Jean-Philippe Vetter n\u2019a plus eu qu\u2019\u00e0 d\u00e9rouler son \u00ab\u00a0Discours du 18\u00a0novembre\u00a0\u00bb et \u00e0 marquer quelques buts, en d\u00e9bordant le plus souvent par la droite, quitte \u00e0 flirter parfois avec les lignes. \u00ab\u00a0Tout commence ici, avec vous. On ne g\u00e8re pas une ville du haut de son pi\u00e9destal ou de son g\u00e9nie solitaire\u00a0\u00bb, assure-t-il, tandis que s\u2019affichent sur fond bleu l\u2019alpha et l\u2019om\u00e9ga de son futur programme. S\u2019il faudra attendre janvier pour le d\u00e9tail,\u00a0la priorit\u00e9 absolue sera au retour de \u00ab\u00a0l\u2019ordre r\u00e9publicain\u00a0\u00bb.<\/p>\n<p>  Une \u00ab\u00a0pr\u00e9f\u00e9rence r\u00e9publicaine\u00a0\u00bb assum\u00e9e<\/p>\n<p>Face \u00e0 \u00ab\u00a0l\u2019ins\u00e9curit\u00e9, aux communautarismes et aux incivilit\u00e9s\u00a0\u00bb\u00a0; face au \u00ab grand emprunt devenu grand imp\u00f4t\u00a0\u00bb et \u00e0 ceux qui ont \u00ab\u00a0sem\u00e9 le d\u00e9sordre dans les rues, <a href=\"https:\/\/www.dna.fr\/politique\/2025\/11\/03\/orientations-budgetaires-suivez-les-debats-dans-l-hemicycle\" target=\"_blank\" rel=\"noopener\">les comptes de Strasbourg<\/a> et ses valeurs\u00a0\u00bb, Jean-Philippe Vetter veut rassurer. S\u2019il est \u00e9lu, il fera de la s\u00e9curit\u00e9 \u00ab\u00a0une r\u00e9elle priorit\u00e9\u00a0\u00bb\u00a0; mettra en place \u00ab\u00a0un code de la rue\u00a0\u00bb et un \u00ab\u00a0plan de lutte contre les comportements dangereux\u00a0\u00bb\u00a0; signera d\u2019entr\u00e9e \u00ab <a href=\"https:\/\/www.dna.fr\/politique\/2025\/03\/19\/le-retour-de-l-arrete-anti-mendicite-agressive-fait-un-flop-au-conseil-municipal\" target=\"_blank\" rel=\"noopener\">un arr\u00eat\u00e9 anti-mendicit\u00e9<\/a> \u00bb. Il ne tol\u00e9rera plus \u00ab\u00a0les slogans de haine qui s\u2019affichent impun\u00e9ment dans les manifestations\u00a0\u00bb et sera intransigeant face \u00e0 l\u2019antis\u00e9mitisme, \u00ab\u00a0qui n\u2019est pas une opinion, mais un d\u00e9lit p\u00e9nal \u00bb, clame-t-il sous des tonnerres d\u2019applaudissements. Il veut \u00ab\u00a0responsabiliser les parents\u00a0\u00bb et\u00a0assume de conditionner les aides au logement, \u00e0 la cantine et au transport, au nom d\u2019une \u00ab\u00a0pr\u00e9f\u00e9rence r\u00e9publicaine\u00a0\u00bb.<\/p>\n<p>Rallumage de l\u2019\u00e9clairage public et de la cath\u00e9drale\u00a0; rappel du \u00ab\u00a0vrai co\u00fbt des services publics\u00a0\u00bb\u00a0; priorit\u00e9 \u00ab\u00a0au sport\u00a0\u00bb, mais aussi \u00ab\u00a0aux seniors\u00a0\u00bb \u00e0 qui il proposera \u00ab\u00a0des abonnements tram +\u00a0bus \u00e0 1\u00a0\u20ac\u00bb\u2026\u00a0\u00ab Jean-Philippe\u00a0\u00bb d\u00e9roule devant un public conquis, en passant par l\u2019\u00e9cologie pour renvoyer la balle au centre.<\/p>\n<p>Ce contenu est bloqu\u00e9 car vous n&rsquo;avez pas accept\u00e9 les cookies et autres traceurs.<\/p>\n<p>En cliquant sur \u00ab J\u2019accepte \u00bb, les cookies et autres traceurs seront d\u00e9pos\u00e9s et vous pourrez visualiser les contenus  (<a href=\"\" class=\"consentModule_policy\" target=\"_blank\" title=\"Consulter la politique de protection des donn\u00e9es du fournisseur\">plus d&rsquo;informations<\/a>).<\/p>\n<p>En cliquant sur \u00ab J\u2019accepte tous les cookies \u00bb, vous autorisez des d\u00e9p\u00f4ts de cookies et autres traceurs pour le stockage de vos donn\u00e9es sur nos sites et applications \u00e0 des fins de personnalisation et de ciblage publicitaire.<\/p>\n<p class=\"consentModule_secondaryText\">Vous gardez la possibilit\u00e9 de retirer votre consentement \u00e0 tout moment en consultant notre <a href=\"https:\/\/www.dna.fr\/protection-des-donnees\" target=\"_blank\" title=\"Consulter notre politique de protection des donn\u00e9es\" rel=\"noopener\">politique de protection des donn\u00e9es<\/a>. <br \/>&#13;<br \/>\n            <a href=\"https:\/\/www.dna.fr\/elections\/2025\/11\/19\/javascript:Didomi.notice.show()\" class=\"consentModule_cmp\" target=\"_blank\" rel=\"noopener\">G\u00e9rer mes choix<\/a>&#13;\n        <\/p>\n<p>&#13;<br \/>\n                        J&rsquo;accepte&#13;<br \/>\n            J&rsquo;accepte tous les cookies&#13;\n        <\/p>\n<p>Id\u00e9alement, il voudrait maintenant voir la t\u00eate de Pierre Jakubowicz (Horizons) \u00ab\u00a0se lib\u00e9rer du carcan des \u00e9tats-majors parisiens\u00a0\u00bb et surgir pour marquer le dernier but. Celui de la victoire\u00a0? <a href=\"https:\/\/www.dna.fr\/elections\/2025\/09\/12\/strasbourg-avec-le-sondage-ifop-jean-philippe-vetter-entonne-l-hymne-de-l-union\" target=\"_blank\" rel=\"noopener\">Port\u00e9 par le sondage de cet \u00e9t\u00e9, Jean-Philippe Vetter veut y croire.<\/a> Convaincu qu\u2019il y a \u00ab\u00a0un chemin naturel pour que les deux d\u00e9marches convergent\u00a0\u00bb, il appelle l\u2019\u00e9lu Horizons \u2013 applaudi \u00e0 sa demande, m\u00eame si cela n\u2019a pas suffi \u00e0 le faire appara\u00eetre \u2014 \u00e0 \u00ab\u00a0faire sa part du chemin\u00a0\u00bb et \u00e0 rejoindre son \u00e9quipe. \u00ab\u00a0Tu es le bienvenu chez toi\u00a0!\u00a0\u00bb l\u2019assure-t-il \u00e0 un peu plus de cent jours du premier tour. Mais le mercato est encore long.<\/p>\n","protected":false},"excerpt":{"rendered":"Ils sont tous l\u00e0\u2026 Ses partisans, arriv\u00e9s tr\u00e8s en avance pour s\u2019assurer une place tant l\u2019affluence est forte.&hellip;\n","protected":false},"author":2,"featured_media":545081,"comment_status":"","ping_status":"","sticky":false,"template":"","format":"standard","meta":{"footnotes":""},"categories":[2820],"tags":[1111,11,2880,5949,4188,1777,674,107,1011,27,775,6319,12,316,3370,25,640,2879],"class_list":{"0":"post-545080","1":"post","2":"type-post","3":"status-publish","4":"format-standard","5":"has-post-thumbnail","7":"category-strasbourg","8":"tag-actu","9":"tag-actualites","10":"tag-edition-strasbourg","11":"tag-elections","12":"tag-elections-municipales","13":"tag-eu","14":"tag-europe","15":"tag-fil-info","16":"tag-fr","17":"tag-france","18":"tag-grand-est","19":"tag-les-republicains","20":"tag-news","21":"tag-politique","22":"tag-renaissance","23":"tag-republique-francaise","24":"tag-strasbourg","25":"tag-strasbourg-ville"},"share_on_mastodon":{"url":"https:\/\/pubeurope.com\/@fr\/115577381618318922","error":""},"_links":{"self":[{"href":"https:\/\/www.europesays.com\/fr\/wp-json\/wp\/v2\/posts\/545080","targetHints":{"allow":["GET"]}}],"collection":[{"href":"https:\/\/www.europesays.com\/fr\/wp-json\/wp\/v2\/posts"}],"about":[{"href":"https:\/\/www.europesays.com\/fr\/wp-json\/wp\/v2\/types\/post"}],"author":[{"embeddable":true,"href":"https:\/\/www.europesays.com\/fr\/wp-json\/wp\/v2\/users\/2"}],"replies":[{"embeddable":true,"href":"https:\/\/www.europesays.com\/fr\/wp-json\/wp\/v2\/comments?post=545080"}],"version-history":[{"count":0,"href":"https:\/\/www.europesays.com\/fr\/wp-json\/wp\/v2\/posts\/545080\/revisions"}],"wp:featuredmedia":[{"embeddable":true,"href":"https:\/\/www.europesays.com\/fr\/wp-json\/wp\/v2\/media\/545081"}],"wp:attachment":[{"href":"https:\/\/www.europesays.com\/fr\/wp-json\/wp\/v2\/media?parent=545080"}],"wp:term":[{"taxonomy":"category","embeddable":true,"href":"https:\/\/www.europesays.com\/fr\/wp-json\/wp\/v2\/categories?post=545080"},{"taxonomy":"post_tag","embeddable":true,"href":"https:\/\/www.europesays.com\/fr\/wp-json\/wp\/v2\/tags?post=545080"}],"curies":[{"name":"wp","href":"https:\/\/api.w.org\/{rel}","templated":true}]}}