{"id":545088,"date":"2025-11-19T16:52:13","date_gmt":"2025-11-19T16:52:13","guid":{"rendered":"https:\/\/www.europesays.com\/fr\/545088\/"},"modified":"2025-11-19T16:52:13","modified_gmt":"2025-11-19T16:52:13","slug":"decouvert-lors-dune-succession-pres-de-nantes-un-dessin-inedit-dun-eleve-de-michel-ange-adjuge-31-millions-deuros","status":"publish","type":"post","link":"https:\/\/www.europesays.com\/fr\/545088\/","title":{"rendered":"D\u00e9couvert lors d\u2019une succession pr\u00e8s de Nantes, un dessin in\u00e9dit d\u2019un \u00e9l\u00e8ve de Michel-Ange adjug\u00e9 3,1 millions d\u2019euros"},"content":{"rendered":"<p>\n    Trouvaille rarissime, un carton pr\u00e9paratoire d\u2019une fresque romaine attribu\u00e9 \u00e0 Daniele da Volterra (1509-1566), proche du ma\u00eetre de la Chapelle Sixtine, a \u00e9t\u00e9 \u00e2prement disput\u00e9e, ce mercredi, \u00e0 l\u2019h\u00f4tel Drouot. L\u2019\u0153uvre avait \u00e9t\u00e9 estim\u00e9e entre 400.000 et 500.000 euros.<\/p>\n<p class=\"fig-paragraph\">Les cheveux boucl\u00e9s, le regard las et la t\u00eate dans la main, dans une attitude pensive. Un dessin pr\u00e9paratoire de la fresque de L\u2019Assomption de la Vierge, achev\u00e9e vers 1553 au centre de la chapelle Della Rovere, en\u00a0<a href=\"https:\/\/www.lefigaro.fr\/actualite\/2006\/09\/04\/01001-20060904ARTFIG90136-rome_la_trinite_des_monts_change_de_proprietaire.php\" target=\"_blank\" data-fig-type=\"Article\" rel=\"noopener nofollow\" data-gtm-custom-categorie=\"navigation\" data-gtm-custom-action=\"crossclick\" data-gtm-custom-label=\"Contextuel\" data-gtm-event=\"customEventSPE\" data-fig-domain=\"LEFIGARO\">l\u2019\u00e9glise de la Trinit\u00e9-des-Monts<\/a>, \u00e0 Rome, a \u00e9t\u00e9 adjug\u00e9 pour 3,1 millions d\u2019euros, \u00e0 Paris, ce mercredi 19 novembre. Une belle somme pour ce carton de la\u00a0<a href=\"https:\/\/www.lefigaro.fr\/voyages\/flanerie-renaissance-a-rome-a-l-occasion-de-l-exposition-raphael-20200625\" target=\"_blank\" data-fig-type=\"Article\" rel=\"noopener nofollow\" data-gtm-custom-categorie=\"navigation\" data-gtm-custom-action=\"crossclick\" data-gtm-custom-label=\"Contextuel\" data-gtm-event=\"customEventSPE\" data-fig-domain=\"LEFIGARO\">Renaissance italienne<\/a>\u00a0trac\u00e9 \u00e0 la pointe m\u00e9tallique et au crayon noir, repr\u00e9sentant, \u00e0 taille r\u00e9elle, la t\u00eate d\u2019un jeune homme, r\u00e9alis\u00e9e par l\u2019ami et disciple de\u00a0<a href=\"http:\/\/www.lefigaro.fr\/culture\/bellini-michel-ange-raphael-le-secret-de-leurs-dessins-explique-a-la-fondation-custodia-20241014\" target=\"_blank\" data-fig-type=\"Article\" rel=\"noopener nofollow\" data-gtm-custom-categorie=\"navigation\" data-gtm-custom-action=\"crossclick\" data-gtm-custom-label=\"Contextuel\" data-gtm-event=\"customEventSPE\" data-fig-domain=\"LEFIGARO\">Michel-Ange<\/a>, Daniele da Volterra (1509-1566). Soit un v\u00e9ritable petit tr\u00e9sor du dessin ancien qui avait \u00e9chou\u00e9, par le hasard des si\u00e8cles, dans une propri\u00e9t\u00e9\u00a0<a href=\"https:\/\/www.lefigaro.fr\/nantes\" target=\"_blank\" data-fig-type=\"Section\" rel=\"sponsored noopener nofollow\" data-gtm-custom-categorie=\"navigation\" data-gtm-custom-action=\"crossclick\" data-gtm-custom-label=\"Contextuel\" data-gtm-event=\"customEventSPE\" data-fig-domain=\"LEFIGARO\">de la r\u00e9gion nantaise<\/a>.<\/p>\n<p class=\"fig-paragraph\">\u00abJ\u2019avais re\u00e7u il y a plusieurs mois un homme qui souhaitait faire estimer les biens de la succession de son grand-p\u00e8re, en me montrant les photos qu\u2019il avait prises avec son t\u00e9l\u00e9phone portable, se souvient Paul-Marie Musnier (Millon Grand Ouest), le commissaire-priseur qui avait rep\u00e9r\u00e9 l\u2019\u0153uvre dans la collection d\u2019un habitant de l\u2019agglom\u00e9ration nantaise, alors r\u00e9cemment d\u00e9c\u00e9d\u00e9. Alors qu\u2019il esp\u00e9rait tirer un bon prix de lampes design du XXe si\u00e8cle, mon regard a tr\u00e8s vite \u00e9t\u00e9 attir\u00e9 par ce dessin qui tr\u00f4nait au mur d\u2019un bureau et qui m\u2019a aussit\u00f4t sembl\u00e9 \u00eatre un travail typique de la Renaissance, dans toute sa splendeur\u00bb.<\/p>\n<p>    D\u00e9tail du dessin de Daniele da Volterra (1509-1566), d\u00e9couvert \u00e0 Nantes (Loire-Atlantique) et mis en vente le 19 novembre 2025, \u00e0 Paris.<br \/>\n                Millon<\/p>\n<p>                                    <a class=\"fig-a11y-skip a11y-hidden\" href=\"#fig-a11y-skip-main-inarticle\"><br \/>\n        Passer la publicit\u00e9<br \/>\n    <\/a><\/p>\n<p class=\"fig-paragraph\">L\u2019\u0153uvre se trouvait en possession de la m\u00eame famille depuis au moins le milieu du XXe si\u00e8cle. Au revers du dessin, de 40,5\u00a0x\u00a028,2\u00a0cm, une inscription ancienne, en fran\u00e7ais, attribuait le carton au peintre florentin\u00a0<a href=\"https:\/\/www.lefigaro.fr\/flash-actu\/2016\/12\/17\/97001-20161217FILWWW00160-un-dessin-d-andrea-del-sarto-vendu-32-millions-d-euros.php\" target=\"_blank\" data-fig-type=\"NewsFlash\" rel=\"noopener nofollow\" data-gtm-custom-categorie=\"navigation\" data-gtm-custom-action=\"crossclick\" data-gtm-custom-label=\"Contextuel\" data-gtm-event=\"customEventSPE\" data-fig-domain=\"LEFIGARO\">Andrea del Sarto<\/a>\u00a0(1486-1530). Transmis pour expertise au cabinet De Bayser, puis identifi\u00e9 par l\u2019historienne de l\u2019art Vittoria Romani, sp\u00e9cialiste de Daniele da Volterra, le dessin est finalement identifi\u00e9 comme un cartonetto &#8211;\u00a0un travail pr\u00e9paratoire interm\u00e9diaire\u00a0&#8211; employ\u00e9 dans la r\u00e9alisation de la fresque de la chapelle d\u00e9di\u00e9e par Lucrezia Franciotti Della Rovere \u00e0 la Vierge, \u00e0 la Trinit\u00e9-des-Monts. Un chantier bien connu, post\u00e9rieur \u00e0 Del Sarto, et dont la commande avait \u00e9t\u00e9 justement \u00e9t\u00e9 confi\u00e9e \u00e0 Daniele da Volterra.<\/p>\n<p class=\"fig-body-link\">\n            \u00c0 lire aussi<br \/>\n        <a class=\"fig-body-link__link\" href=\"http:\/\/www.lefigaro.fr\/nantes\/a-nantes-noel-est-plus-grand-que-nulle-part-ailleurs-mere-noel-et-ornements-colores-de-retour-dans-la-cite-des-ducs-20251105\" target=\"_blank\" data-fig-type=\"NewsFlash\" rel=\"noopener nofollow\" data-gtm-custom-categorie=\"navigation\" data-gtm-custom-action=\"crossclick\" data-gtm-custom-label=\"Contextuel\" data-gtm-event=\"customEventSPE\" data-fig-domain=\"LEFIGARO\"><\/p>\n<p>        \u00ab\u00c0 Nantes, No\u00ebl est plus grand que nulle part ailleurs\u00bb\u00a0: m\u00e8re No\u00ebl et ornements color\u00e9s de retour dans la cit\u00e9 des Ducs<br \/>\n    <\/a>\n<\/p>\n<p class=\"fig-paragraph\">\u00abCe splendide dessin in\u00e9dit vient enrichir notre connaissance sur la r\u00e9alisation de la plus importante commande r\u00e9alis\u00e9e par Daniele da Volterra \u00e0 Rome au mitan du XVIe si\u00e8cle\u00bb, indique le catalogue de vente de la maison Millon. Le jeune homme pensif repr\u00e9sent\u00e9 &#8211;\u00a0probablement Saint-Jean\u00a0&#8211; appara\u00eet au centre inf\u00e9rieur de la composition de L\u2019Assomption, sous la Vierge. \u00abLa r\u00e9apparition de ce dessin permet de se faire une meilleure id\u00e9e de l\u2019apparence de cette figure, tr\u00e8s alt\u00e9r\u00e9e dans la fresque finale\u00bb, ajoute le catalogue. La pr\u00e9sence de perforations atteste de l\u2019usage effectif du cartonetto, dont le dessin a \u00e9t\u00e9 reproduit sur l\u2019ultime carton d\u2019ensemble, grandeur nature, de la composition, avant r\u00e9alisation de la fresque.<\/p>\n<p class=\"fig-paragraph\">L\u2019attribution d\u00e9finitive du carton a \u00e9t\u00e9 une heureuse surprise pour Paul-Marie Musnier. Ce qui n\u2019\u00e9tait qu\u2019une \u00e9tude de Del Sarto estim\u00e9e \u00e0 pr\u00e8s de 15.000 euros a finalement \u00e9t\u00e9 \u00e9valu\u00e9 comme un petit rouage d\u2019un chef-d\u2019\u0153uvre de Da Volterra, gonflant aussit\u00f4t son \u00e9valuation de d\u00e9part \u00e0 400.000-500.000 euros. \u00abC\u2019est un peu le Graal de l\u2019histoire de l\u2019art, ce genre de d\u00e9couverte\u00bb, note le commissaire-priseur, touch\u00e9 par l\u2019engouement suscit\u00e9 par l\u2019\u0153uvre. Comme l\u2019ont remarqu\u00e9 nos confr\u00e8res d\u2019<a href=\"https:\/\/actu.fr\/pays-de-la-loire\/nantes_44109\/ce-nantais-trouve-un-rare-dessin-d-un-eleve-de-michel-ange-le-prix-est-estime-a-500-000-euros_63301478.html\" target=\"_blank\" rel=\"sponsored noopener nofollow\" data-gtm-custom-categorie=\"navigation\" data-gtm-custom-action=\"crossclick\" data-gtm-custom-label=\"Contextuel\" data-gtm-event=\"customEventSPE\">actu.fr<\/a>, le d\u00e9nicheur de ce tr\u00e9sor d\u2019atelier garde d\u00e9sormais un fac-simil\u00e9 du carton, pr\u00e9sent\u00e9 en bonne place au milieu de son bureau. Moiti\u00e9 souvenir, moiti\u00e9 troph\u00e9e.<\/p>\n","protected":false},"excerpt":{"rendered":"Trouvaille rarissime, un carton pr\u00e9paratoire d\u2019une fresque romaine attribu\u00e9 \u00e0 Daniele da Volterra (1509-1566), proche du ma\u00eetre de&hellip;\n","protected":false},"author":2,"featured_media":545089,"comment_status":"","ping_status":"","sticky":false,"template":"","format":"standard","meta":{"footnotes":""},"categories":[2818],"tags":[1111,11,3734,5804,1777,674,1011,27,766,12,2636,25],"class_list":{"0":"post-545088","1":"post","2":"type-post","3":"status-publish","4":"format-standard","5":"has-post-thumbnail","7":"category-nantes","8":"tag-actu","9":"tag-actualites","10":"tag-art","11":"tag-dessin","12":"tag-eu","13":"tag-europe","14":"tag-fr","15":"tag-france","16":"tag-nantes","17":"tag-news","18":"tag-pays-de-la-loire","19":"tag-republique-francaise"},"share_on_mastodon":{"url":"https:\/\/pubeurope.com\/@fr\/115577405085847613","error":""},"_links":{"self":[{"href":"https:\/\/www.europesays.com\/fr\/wp-json\/wp\/v2\/posts\/545088","targetHints":{"allow":["GET"]}}],"collection":[{"href":"https:\/\/www.europesays.com\/fr\/wp-json\/wp\/v2\/posts"}],"about":[{"href":"https:\/\/www.europesays.com\/fr\/wp-json\/wp\/v2\/types\/post"}],"author":[{"embeddable":true,"href":"https:\/\/www.europesays.com\/fr\/wp-json\/wp\/v2\/users\/2"}],"replies":[{"embeddable":true,"href":"https:\/\/www.europesays.com\/fr\/wp-json\/wp\/v2\/comments?post=545088"}],"version-history":[{"count":0,"href":"https:\/\/www.europesays.com\/fr\/wp-json\/wp\/v2\/posts\/545088\/revisions"}],"wp:featuredmedia":[{"embeddable":true,"href":"https:\/\/www.europesays.com\/fr\/wp-json\/wp\/v2\/media\/545089"}],"wp:attachment":[{"href":"https:\/\/www.europesays.com\/fr\/wp-json\/wp\/v2\/media?parent=545088"}],"wp:term":[{"taxonomy":"category","embeddable":true,"href":"https:\/\/www.europesays.com\/fr\/wp-json\/wp\/v2\/categories?post=545088"},{"taxonomy":"post_tag","embeddable":true,"href":"https:\/\/www.europesays.com\/fr\/wp-json\/wp\/v2\/tags?post=545088"}],"curies":[{"name":"wp","href":"https:\/\/api.w.org\/{rel}","templated":true}]}}