{"id":545098,"date":"2025-11-19T16:57:13","date_gmt":"2025-11-19T16:57:13","guid":{"rendered":"https:\/\/www.europesays.com\/fr\/545098\/"},"modified":"2025-11-19T16:57:13","modified_gmt":"2025-11-19T16:57:13","slug":"a-nouvrir-quen-2225-une-capsule-temporelle-remplie-de-lettres-dhabitants-a-ete-enfouie-sous-une-place-de-lille","status":"publish","type":"post","link":"https:\/\/www.europesays.com\/fr\/545098\/","title":{"rendered":"\u00ab\u00a0\u00c0 n\u2019ouvrir qu\u2019en 2225\u00a0\u00bb\u00a0: une capsule temporelle remplie de lettres d\u2019habitants a \u00e9t\u00e9 enfouie sous une place de Lille"},"content":{"rendered":"<p class=\"paragraph text_align_left lp-f-body-02\">\u00ab Quand on ouvrira la caisse, on aura 208 ans \u00bb, calcule un enfant de ce centre a\u00e9r\u00e9 de Lille, chasuble fluo sur le dos. Autour de la grosse bo\u00eete carr\u00e9e en acier, baptis\u00e9e \u00ab capsule temporelle \u00bb, ses copains se sont attroup\u00e9s. Des dizaines d\u2019enveloppes kraft, une carte de v\u0153ux imprim\u00e9e joliment ferm\u00e9e d\u2019un ruban, des photos et des dessins d\u2019enfants\u2026 les longues lettres et les petits mots qui viennent s\u2019y amasser sont destin\u00e9s aux Lillois de\u2026 2225.<\/p>\n<p class=\"paragraph text_align_left lp-f-body-02\">C\u2019est \u00ab pour faire \u00e9crire les \u00e9l\u00e8ves \u00bb qu\u2019un professeur d\u2019une \u00e9cole de la ville a imagin\u00e9 ce projet, rendu concret gr\u00e2ce \u00e0 un budget participatif. \u00ab Ch\u00e8re humanit\u00e9 \u00bb, lit-on au d\u00e9but de l\u2019une des missives. Leur teneur compl\u00e8te est toutefois gard\u00e9e secr\u00e8te, afin d\u2019en r\u00e9server la primeur\u2026 \u00e0 nos lointains descendants.<\/p>\n<p class=\"paragraph text_align_left lp-f-body-02\">\u00ab Comment ce sera, la vie, dans deux cents ans ? Il y aura des voitures volantes ou pas ? \u00bb, interroge un animateur souriant. \u00ab Ce sera tr\u00e8s bien, comme maintenant ! \u00bb Quelques retardataires cherchent un stylo et r\u00e9digent in extremis leur message plein d\u2019espoir, d\u2019humour ou de gravit\u00e9.<\/p>\n<p>Pr\u00e9cieux t\u00e9moignages de notre \u00e9poque<\/p>\n<p class=\"paragraph text_align_left lp-f-body-02\">Sous le regard attentif d\u2019un petit groupe d\u2019habitants, la capsule est scell\u00e9e par des vis, puis descendue par des cordes dans une cavit\u00e9 creus\u00e9e sur la place du Mar\u00e9chal Leclerc de la capitale du Nord, en plein r\u00e9am\u00e9nagement. Ces pr\u00e9cieux t\u00e9moignages de notre \u00e9poque s\u2019appr\u00eatent \u00e0 faire un long voyage dans le temps, avant d\u2019\u00eatre d\u00e9couverts. Mais ils ne seront pas oubli\u00e9s : une plaque dor\u00e9e, pos\u00e9e quand les travaux seront termin\u00e9s, viendra rappeler aux g\u00e9n\u00e9rations futures qu\u2019\u00ab une capsule temporelle est conserv\u00e9e en ce lieu, \u00e0 n\u2019ouvrir qu\u2019\u00e0 partir de l\u2019\u00e9t\u00e9 2225 \u00bb.<\/p>\n","protected":false},"excerpt":{"rendered":"\u00ab Quand on ouvrira la caisse, on aura 208 ans \u00bb, calcule un enfant de ce centre a\u00e9r\u00e9&hellip;\n","protected":false},"author":2,"featured_media":545099,"comment_status":"","ping_status":"","sticky":false,"template":"","format":"standard","meta":{"footnotes":""},"categories":[2815],"tags":[1111,11,459,1777,674,1011,27,811,1307,12,8193,25,104],"class_list":{"0":"post-545098","1":"post","2":"type-post","3":"status-publish","4":"format-standard","5":"has-post-thumbnail","7":"category-lille","8":"tag-actu","9":"tag-actualites","10":"tag-departements-horsidfo","11":"tag-eu","12":"tag-europe","13":"tag-fr","14":"tag-france","15":"tag-hauts-de-france","16":"tag-lille","17":"tag-news","18":"tag-nord-59","19":"tag-republique-francaise","20":"tag-societe"},"share_on_mastodon":{"url":"https:\/\/pubeurope.com\/@fr\/115577424946344669","error":""},"_links":{"self":[{"href":"https:\/\/www.europesays.com\/fr\/wp-json\/wp\/v2\/posts\/545098","targetHints":{"allow":["GET"]}}],"collection":[{"href":"https:\/\/www.europesays.com\/fr\/wp-json\/wp\/v2\/posts"}],"about":[{"href":"https:\/\/www.europesays.com\/fr\/wp-json\/wp\/v2\/types\/post"}],"author":[{"embeddable":true,"href":"https:\/\/www.europesays.com\/fr\/wp-json\/wp\/v2\/users\/2"}],"replies":[{"embeddable":true,"href":"https:\/\/www.europesays.com\/fr\/wp-json\/wp\/v2\/comments?post=545098"}],"version-history":[{"count":0,"href":"https:\/\/www.europesays.com\/fr\/wp-json\/wp\/v2\/posts\/545098\/revisions"}],"wp:featuredmedia":[{"embeddable":true,"href":"https:\/\/www.europesays.com\/fr\/wp-json\/wp\/v2\/media\/545099"}],"wp:attachment":[{"href":"https:\/\/www.europesays.com\/fr\/wp-json\/wp\/v2\/media?parent=545098"}],"wp:term":[{"taxonomy":"category","embeddable":true,"href":"https:\/\/www.europesays.com\/fr\/wp-json\/wp\/v2\/categories?post=545098"},{"taxonomy":"post_tag","embeddable":true,"href":"https:\/\/www.europesays.com\/fr\/wp-json\/wp\/v2\/tags?post=545098"}],"curies":[{"name":"wp","href":"https:\/\/api.w.org\/{rel}","templated":true}]}}