{"id":545106,"date":"2025-11-19T17:01:11","date_gmt":"2025-11-19T17:01:11","guid":{"rendered":"https:\/\/www.europesays.com\/fr\/545106\/"},"modified":"2025-11-19T17:01:11","modified_gmt":"2025-11-19T17:01:11","slug":"lyon-la-ztl-sassouplit-face-aux-critiques-plusieurs-changements-a-venir-en-presquile","status":"publish","type":"post","link":"https:\/\/www.europesays.com\/fr\/545106\/","title":{"rendered":"Lyon. La ZTL s&rsquo;assouplit face aux critiques, plusieurs changements \u00e0 venir en Presqu&rsquo;\u00eele"},"content":{"rendered":"<p>                    Par<br \/>\n        <strong><br \/>\n            <a href=\"https:\/\/actu.fr\/auteur\/ludivine-caporal\" title=\"Consulter tous les articles de Ludivine Caporal\" rel=\"nofollow noopener\" target=\"_blank\">Ludivine Caporal<\/a><br \/>\n                    <\/strong><\/p>\n<p>        Publi\u00e9 le<\/p>\n<p>            19 nov. 2025 \u00e0 17h27        <\/p>\n<p>Alors que la <a href=\"https:\/\/actu.fr\/auvergne-rhone-alpes\/lyon_69123\/lyon-un-chantier-sans-fin-apres-des-mois-de-travaux-l-amenagement-de-cette-rue-se-termine_63309552.html\" rel=\"nofollow noopener\" target=\"_blank\">borne d\u2019acc\u00e8s de la rue \u00c9douard Herriot<\/a> vient d\u2019\u00eatre activ\u00e9e (la troisi\u00e8me apr\u00e8s celles de la rue Gentil et de la rue du Port du Temple), la M\u00e9tropole de Lyon annonce plusieurs changements \u00e0 venir concernant la <a href=\"https:\/\/actu.fr\/auvergne-rhone-alpes\/lyon_69123\/lyon-gregory-doucet-defend-la-nouvelle-ztl-elle-est-tres-bonne-pour-le-commerce_62807217.html\" rel=\"nofollow noopener\" target=\"_blank\">Zone \u00e0 Trafic Limit\u00e9 (ZTL) en Presqu\u2019\u00eele.<\/a><br \/>De nouvelles \u00e9volutions ont \u00e9t\u00e9 d\u00e9cid\u00e9es afin de <strong>\u00ab\u2009r\u00e9pondre aux besoins formul\u00e9s\u2009\u00bb<\/strong> par les habitants et commer\u00e7ants, dans le cadre d\u2019un \u00ab\u2009dialogue continu\u2009\u00bb instaur\u00e9 depuis la mise en place du dispositif tr\u00e8s critiqu\u00e9.<\/p>\n<p>Les habitants des quais de Sa\u00f4ne inclus<\/p>\n<p class=\" wall-content\"><strong>\u00c0 partir de ce lundi 24\u00a0novembre<\/strong>, les riverains des quais P\u00eacherie, C\u00e9lestins et Saint-Antoine seront ainsi autoris\u00e9s \u00e0 circuler en voiture au sein de la ZTL. Pour rappel, leur exclusion du p\u00e9rim\u00e8tre avait notamment \u00e9t\u00e9 d\u00e9nonc\u00e9e par l\u2019opposition. Les habitants devront n\u00e9anmoins faire les d\u00e9marches n\u00e9cessaires aupr\u00e8s de LPA.<\/p>\n<p class=\" wall-content\">L\u2019acc\u00e8s par lecture des plaques d\u2019immatriculation sera, lui, activ\u00e9 automatiquement pour les d\u00e9tenteurs d\u2019une vignette stationnement r\u00e9sident de la ZTL (secteur 20). Il le sera \u00e9galement pour les titulaires d\u2019une carte mobilit\u00e9 inclusion (CMI-S), inscrits au dispositif de stationnement de la Ville de Lyon.<\/p>\n<p>Nouveaut\u00e9 pour les commer\u00e7ants<\/p>\n<p class=\" wall-content\">Une nouvelle modalit\u00e9 d\u2019acc\u00e8s sera \u00e9galement mise en place aupr\u00e8s des commerces qui le souhaitent afin de \u00ab\u2009faciliter le retrait spontan\u00e9 d\u2019achats lourds ou encombrants l\u2019apr\u00e8s-midi par leurs clients, \u00e0 l\u2019aide d\u2019un digicode.\u2009\u00bb<\/p>\n<p class=\" wall-content\">\u00ab\u2009Ce syst\u00e8me est d\u00e9j\u00e0 d\u00e9ploy\u00e9 avec les h\u00f4teliers, avec une actualisation r\u00e9guli\u00e8re du code pour \u00e9viter les fraudes. Il sera \u00e9largi pour les commer\u00e7ants qui en font la demande aupr\u00e8s de LPA\u2009\u00bb, explique la collectivit\u00e9.<\/p>\n<p class=\" wall-content\">Enfin, <a href=\"https:\/\/actu.fr\/auvergne-rhone-alpes\/lyon_69123\/lyon-deux-mois-que-ca-traine-un-chantier-en-presqu-ile-critique-la-metropole-repond_63366003.html\" rel=\"nofollow noopener\" target=\"_blank\">la borne d\u2019acc\u00e8s de la rue Childebert<\/a> sera activ\u00e9e, \u00e0 son tour, ce lundi 24\u00a0novembre.<\/p>\n<p class=\" wall-content\">Personnalisez votre actualit\u00e9 en ajoutant vos villes et m\u00e9dias en favori avec <a href=\"https:\/\/moncompte.actu.fr\" title=\"D\u00e9couvez Mon Actu\" rel=\"nofollow noopener\" data-trk=\"{&quot;cta&quot;:{&quot;action&quot;:&quot;https:\\\/\\\/moncompte.actu.fr&quot;,&quot;category&quot;:&quot;mon compte&quot;,&quot;from&quot;:&quot;article footer&quot;,&quot;name&quot;:&quot;Mon actu&quot;,&quot;type&quot;:&quot;cta&quot;}}\" target=\"_blank\">Mon Actu<\/a>.<\/p>\n","protected":false},"excerpt":{"rendered":"Par Ludivine Caporal Publi\u00e9 le 19 nov. 2025 \u00e0 17h27 Alors que la borne d\u2019acc\u00e8s de la rue&hellip;\n","protected":false},"author":2,"featured_media":545107,"comment_status":"","ping_status":"","sticky":false,"template":"","format":"standard","meta":{"footnotes":""},"categories":[1889],"tags":[1111,11,2430,3542,1777,674,1011,27,2808,2428,12,2809,25,104],"class_list":{"0":"post-545106","1":"post","2":"type-post","3":"status-publish","4":"format-standard","5":"has-post-thumbnail","7":"category-lyon","8":"tag-actu","9":"tag-actualites","10":"tag-auvergne-rhone-alpes","11":"tag-circulation","12":"tag-eu","13":"tag-europe","14":"tag-fr","15":"tag-france","16":"tag-grand-lyon","17":"tag-lyon","18":"tag-news","19":"tag-presquile","20":"tag-republique-francaise","21":"tag-societe"},"share_on_mastodon":{"url":"https:\/\/pubeurope.com\/@fr\/115577441967750621","error":""},"_links":{"self":[{"href":"https:\/\/www.europesays.com\/fr\/wp-json\/wp\/v2\/posts\/545106","targetHints":{"allow":["GET"]}}],"collection":[{"href":"https:\/\/www.europesays.com\/fr\/wp-json\/wp\/v2\/posts"}],"about":[{"href":"https:\/\/www.europesays.com\/fr\/wp-json\/wp\/v2\/types\/post"}],"author":[{"embeddable":true,"href":"https:\/\/www.europesays.com\/fr\/wp-json\/wp\/v2\/users\/2"}],"replies":[{"embeddable":true,"href":"https:\/\/www.europesays.com\/fr\/wp-json\/wp\/v2\/comments?post=545106"}],"version-history":[{"count":0,"href":"https:\/\/www.europesays.com\/fr\/wp-json\/wp\/v2\/posts\/545106\/revisions"}],"wp:featuredmedia":[{"embeddable":true,"href":"https:\/\/www.europesays.com\/fr\/wp-json\/wp\/v2\/media\/545107"}],"wp:attachment":[{"href":"https:\/\/www.europesays.com\/fr\/wp-json\/wp\/v2\/media?parent=545106"}],"wp:term":[{"taxonomy":"category","embeddable":true,"href":"https:\/\/www.europesays.com\/fr\/wp-json\/wp\/v2\/categories?post=545106"},{"taxonomy":"post_tag","embeddable":true,"href":"https:\/\/www.europesays.com\/fr\/wp-json\/wp\/v2\/tags?post=545106"}],"curies":[{"name":"wp","href":"https:\/\/api.w.org\/{rel}","templated":true}]}}