{"id":545139,"date":"2025-11-19T17:23:14","date_gmt":"2025-11-19T17:23:14","guid":{"rendered":"https:\/\/www.europesays.com\/fr\/545139\/"},"modified":"2025-11-19T17:23:14","modified_gmt":"2025-11-19T17:23:14","slug":"nous-avons-une-annee-tres-interessante-devant-nous-tennistemple","status":"publish","type":"post","link":"https:\/\/www.europesays.com\/fr\/545139\/","title":{"rendered":"\u00ab Nous avons une ann\u00e9e tr\u00e8s int\u00e9ressante devant nous \u00bb \u2022 TennisTemple"},"content":{"rendered":"\n<p>En \u00e9change d\u2019un investissement minimum de 352 000 livres sterling en Gr\u00e8ce, le Serbe b\u00e9n\u00e9ficiera d\u2019avantages consid\u00e9rables.<\/p>\n<p>Il peut, par exemple, circuler librement dans l\u2019espace Schengen, lui et sa conjointe, ses enfants de moins de 21 ans et ses parents et beaux-parents.<\/p>\n<p>Des avantages fiscaux s\u2019ouvrent \u00e9galement \u00e0 lui : il b\u00e9n\u00e9ficie d\u2019un imp\u00f4t fixe de 100 000 \u20ac par an et 20 000 \u20ac par membre de s&#8230;<\/p>\n<p> <a href=\"https:\/\/fr.tennistemple.com\/LaChaineTT\/post\/32214088\/en-echange-dun-investissement-minimum-de-352-000-livres-ste\/\" class=\"expand\" rel=\"nofollow noopener\" target=\"_blank\">Lire en entier<\/a> <\/p>\n","protected":false},"excerpt":{"rendered":"En \u00e9change d\u2019un investissement minimum de 352 000 livres sterling en Gr\u00e8ce, le Serbe b\u00e9n\u00e9ficiera d\u2019avantages consid\u00e9rables. Il&hellip;\n","protected":false},"author":2,"featured_media":545140,"comment_status":"","ping_status":"","sticky":false,"template":"","format":"standard","meta":{"footnotes":""},"categories":[1415],"tags":[1011,27,60,1467],"class_list":{"0":"post-545139","1":"post","2":"type-post","3":"status-publish","4":"format-standard","5":"has-post-thumbnail","7":"category-tennis","8":"tag-fr","9":"tag-france","10":"tag-sports","11":"tag-tennis"},"share_on_mastodon":{"url":"https:\/\/pubeurope.com\/@fr\/115577526853278712","error":""},"_links":{"self":[{"href":"https:\/\/www.europesays.com\/fr\/wp-json\/wp\/v2\/posts\/545139","targetHints":{"allow":["GET"]}}],"collection":[{"href":"https:\/\/www.europesays.com\/fr\/wp-json\/wp\/v2\/posts"}],"about":[{"href":"https:\/\/www.europesays.com\/fr\/wp-json\/wp\/v2\/types\/post"}],"author":[{"embeddable":true,"href":"https:\/\/www.europesays.com\/fr\/wp-json\/wp\/v2\/users\/2"}],"replies":[{"embeddable":true,"href":"https:\/\/www.europesays.com\/fr\/wp-json\/wp\/v2\/comments?post=545139"}],"version-history":[{"count":0,"href":"https:\/\/www.europesays.com\/fr\/wp-json\/wp\/v2\/posts\/545139\/revisions"}],"wp:featuredmedia":[{"embeddable":true,"href":"https:\/\/www.europesays.com\/fr\/wp-json\/wp\/v2\/media\/545140"}],"wp:attachment":[{"href":"https:\/\/www.europesays.com\/fr\/wp-json\/wp\/v2\/media?parent=545139"}],"wp:term":[{"taxonomy":"category","embeddable":true,"href":"https:\/\/www.europesays.com\/fr\/wp-json\/wp\/v2\/categories?post=545139"},{"taxonomy":"post_tag","embeddable":true,"href":"https:\/\/www.europesays.com\/fr\/wp-json\/wp\/v2\/tags?post=545139"}],"curies":[{"name":"wp","href":"https:\/\/api.w.org\/{rel}","templated":true}]}}