{"id":545164,"date":"2025-11-19T17:49:11","date_gmt":"2025-11-19T17:49:11","guid":{"rendered":"https:\/\/www.europesays.com\/fr\/545164\/"},"modified":"2025-11-19T17:49:11","modified_gmt":"2025-11-19T17:49:11","slug":"emmanuel-macron-fustige-les-bourgeois-des-centres-villes-qui-financent-parfois-le-narcotrafic-liberation","status":"publish","type":"post","link":"https:\/\/www.europesays.com\/fr\/545164\/","title":{"rendered":"Emmanuel Macron fustige les \u00abbourgeois des centres-villes\u00bb qui financent \u00abparfois\u00bb le narcotrafic \u2013 Lib\u00e9ration"},"content":{"rendered":"<p class=\"sc-cPiKLX AiZTS text-element\">Une phrase qui claque dont Emmanuel Macron a le secret. Le pr\u00e9sident a estim\u00e9 ce mercredi 19 novembre lors du Conseil des ministres que ce sont \u00abparfois les bourgeois des centres-villes qui financent les <a href=\"https:\/\/www.liberation.fr\/societe\/narcotrafic-les-nouvelles-routes-de-la-cocaine-pour-deferler-sur-la-france-20250402_DCIAYW6CIFGUBBMQ5TXF75NMTE\/\" target=\"_blank\" rel=\"noreferrer noopener\" title=\"https:\/\/www.liberation.fr\/societe\/narcotrafic-les-nouvelles-routes-de-la-cocaine-pour-deferler-sur-la-france-20250402_DCIAYW6CIFGUBBMQ5TXF75NMTE\/\">narcotrafiquants<\/a>\u00bb, selon des propos rapport\u00e9s par la porte-parole du gouvernement, Maud Bregeon, lors de son compte rendu.<\/p>\n<p class=\"sc-cPiKLX AiZTS text-element\">Le chef de l\u2019Etat a appuy\u00e9 \u00abl\u2019importance d\u2019une <a href=\"https:\/\/www.liberation.fr\/societe\/police-justice\/jacques-witkowksi-nomme-prefet-des-bouches-du-rhone-par-emmanuel-macron-20251118_CTR4UWZZFFD63F6JQCQ3N3XSJE\/\" target=\"_blank\" rel=\"noreferrer noopener\" title=\"https:\/\/www.liberation.fr\/societe\/police-justice\/jacques-witkowksi-nomme-prefet-des-bouches-du-rhone-par-emmanuel-macron-20251118_CTR4UWZZFFD63F6JQCQ3N3XSJE\/\">politique<\/a> de pr\u00e9vention et de sensibilisation\u00bb, a pr\u00e9cis\u00e9 Maud Bregeon, ajoutant : \u00abon ne peut pas d\u00e9plorer d\u2019un c\u00f4t\u00e9 les morts et de l\u2019autre continuer \u00e0 consommer le soir en rentrant du travail.\u00bb<\/p>\n<p class=\"sc-cPiKLX AiZTS text-element\">Emmanuel Macron a \u00e9galement insist\u00e9 sur \u00abla n\u00e9cessit\u00e9 d\u2019avoir une approche interminist\u00e9rielle du tr\u00e8s local \u00e0 l\u2019international\u00bb. La question est au centre du d\u00e9bat public depuis l\u2019assassinat jeudi \u00e0 Marseille de <a href=\"https:\/\/www.liberation.fr\/societe\/police-justice\/lassassinat-davertissement-piste-privilegiee-dans-lenquete-sur-le-meurtre-du-frere-damine-kessaci-a-marseille-20251117_Y5LFHTGWGNDA5GXFTXJIHS52JE\/\" target=\"_blank\" rel=\"noreferrer noopener\" title=\"https:\/\/www.liberation.fr\/societe\/police-justice\/lassassinat-davertissement-piste-privilegiee-dans-lenquete-sur-le-meurtre-du-frere-damine-kessaci-a-marseille-20251117_Y5LFHTGWGNDA5GXFTXJIHS52JE\/\">Mehdi Kessaci<\/a>, le fr\u00e8re d\u2019un militant engag\u00e9 contre le narcotrafic.<\/p>\n","protected":false},"excerpt":{"rendered":"Une phrase qui claque dont Emmanuel Macron a le secret. Le pr\u00e9sident a estim\u00e9 ce mercredi 19 novembre&hellip;\n","protected":false},"author":2,"featured_media":545165,"comment_status":"","ping_status":"","sticky":false,"template":"","format":"standard","meta":{"footnotes":""},"categories":[4],"tags":[11,3992,1073,1011,27,8721,12,25],"class_list":{"0":"post-545164","1":"post","2":"type-post","3":"status-publish","4":"format-standard","5":"has-post-thumbnail","7":"category-france","8":"tag-actualites","9":"tag-drogues","10":"tag-emmanuel-macron","11":"tag-fr","12":"tag-france","13":"tag-narcotrafic","14":"tag-news","15":"tag-republique-francaise"},"share_on_mastodon":{"url":"https:\/\/pubeurope.com\/@fr\/115577629263374144","error":""},"_links":{"self":[{"href":"https:\/\/www.europesays.com\/fr\/wp-json\/wp\/v2\/posts\/545164","targetHints":{"allow":["GET"]}}],"collection":[{"href":"https:\/\/www.europesays.com\/fr\/wp-json\/wp\/v2\/posts"}],"about":[{"href":"https:\/\/www.europesays.com\/fr\/wp-json\/wp\/v2\/types\/post"}],"author":[{"embeddable":true,"href":"https:\/\/www.europesays.com\/fr\/wp-json\/wp\/v2\/users\/2"}],"replies":[{"embeddable":true,"href":"https:\/\/www.europesays.com\/fr\/wp-json\/wp\/v2\/comments?post=545164"}],"version-history":[{"count":0,"href":"https:\/\/www.europesays.com\/fr\/wp-json\/wp\/v2\/posts\/545164\/revisions"}],"wp:featuredmedia":[{"embeddable":true,"href":"https:\/\/www.europesays.com\/fr\/wp-json\/wp\/v2\/media\/545165"}],"wp:attachment":[{"href":"https:\/\/www.europesays.com\/fr\/wp-json\/wp\/v2\/media?parent=545164"}],"wp:term":[{"taxonomy":"category","embeddable":true,"href":"https:\/\/www.europesays.com\/fr\/wp-json\/wp\/v2\/categories?post=545164"},{"taxonomy":"post_tag","embeddable":true,"href":"https:\/\/www.europesays.com\/fr\/wp-json\/wp\/v2\/tags?post=545164"}],"curies":[{"name":"wp","href":"https:\/\/api.w.org\/{rel}","templated":true}]}}