{"id":545195,"date":"2025-11-19T18:05:25","date_gmt":"2025-11-19T18:05:25","guid":{"rendered":"https:\/\/www.europesays.com\/fr\/545195\/"},"modified":"2025-11-19T18:05:25","modified_gmt":"2025-11-19T18:05:25","slug":"robertsau-avec-le-parcours-une-matinee-pour-lutter-contre-les-violences-et-les-incivilites","status":"publish","type":"post","link":"https:\/\/www.europesays.com\/fr\/545195\/","title":{"rendered":"Robertsau. Avec Le Parcours, une matin\u00e9e pour lutter contre les violences et les incivilit\u00e9s"},"content":{"rendered":"<p>La quinzi\u00e8me \u00e9dition de la matin\u00e9e de lutte contre les violences et incivilit\u00e9s propos\u00e9e par l\u2019association Le Parcours, bas\u00e9e \u00e0 la Cit\u00e9 de l\u2019Ill, aura lieu ce vendredi 21\u00a0novembre de 8\u00a0h\u00a030 \u00e0 11\u00a0h au 119, rue Boecklin \u00e0 Strasbourg.<\/p>\n<p>Habitants et partenaires sont invit\u00e9s \u00e0 venir \u00e9changer, s\u2019informer, poser des questions ou simplement t\u00e9moigner, autour d\u2019un petit-d\u00e9jeuner convivial. <a href=\"https:\/\/www.dna.fr\/societe\/2024\/05\/18\/a-la-cite-de-l-ill-le-parcours-soigne-l-image-des-personnes-precarisees\" target=\"_blank\" rel=\"noopener\">Carole Herrero, directrice du Parcours<\/a> , et Anne Tenenbaum, conseill\u00e8re d\u2019Alsace en charge notamment de la lutte contre l\u2019in\u00e9galit\u00e9, donneront le coup d\u2019envoi de cette \u00e9dition, qui se pr\u00e9sentera sous la forme d\u2019animations et d\u2019un jeu de piste autour des violences et incivilit\u00e9s en tout genre.<\/p>\n<p>Ce contenu est bloqu\u00e9 car vous n&rsquo;avez pas accept\u00e9 les cookies et autres traceurs.<\/p>\n<p>En cliquant sur \u00ab J\u2019accepte \u00bb, les cookies et autres traceurs seront d\u00e9pos\u00e9s et vous pourrez visualiser les contenus  (<a href=\"\" class=\"consentModule_policy\" target=\"_blank\" title=\"Consulter la politique de protection des donn\u00e9es du fournisseur\">plus d&rsquo;informations<\/a>).<\/p>\n<p>En cliquant sur \u00ab J\u2019accepte tous les cookies \u00bb, vous autorisez des d\u00e9p\u00f4ts de cookies et autres traceurs pour le stockage de vos donn\u00e9es sur nos sites et applications \u00e0 des fins de personnalisation et de ciblage publicitaire.<\/p>\n<p class=\"consentModule_secondaryText\">Vous gardez la possibilit\u00e9 de retirer votre consentement \u00e0 tout moment en consultant notre <a href=\"https:\/\/www.dna.fr\/protection-des-donnees\" target=\"_blank\" title=\"Consulter notre politique de protection des donn\u00e9es\" rel=\"noopener\">politique de protection des donn\u00e9es<\/a>. <br \/>&#13;<br \/>\n            <a href=\"https:\/\/www.dna.fr\/societe\/2025\/11\/19\/javascript:Didomi.notice.show()\" class=\"consentModule_cmp\" target=\"_blank\" rel=\"noopener\">G\u00e9rer mes choix<\/a>&#13;\n        <\/p>\n<p>&#13;<br \/>\n                        J&rsquo;accepte&#13;<br \/>\n            J&rsquo;accepte tous les cookies&#13;\n        <\/p>\n<p>Imagin\u00e9e par Le Parcours et l\u2019ensemble de ses partenaires il y a 15 ans, la matin\u00e9e des violences est d\u00e9ploy\u00e9e \u00e0 l\u2019attention, dans l\u2019int\u00e9r\u00eat et \u00e0 la demande des habitants du quartier de la Cit\u00e9 de l\u2019Ill, tout en restant ouverte aux personnes venant d\u2019autres quartiers. L\u2019association souhaite promouvoir ainsi une meilleure sensibilisation \u00e0 la violence et faire se rencontrer le public, les partenaires, les organismes \u0153uvrant sur cette th\u00e9matique. Qu\u2019il s\u2019agisse de violences familiales, psychologiques ou encore de violences en ligne.<\/p>\n","protected":false},"excerpt":{"rendered":"La quinzi\u00e8me \u00e9dition de la matin\u00e9e de lutte contre les violences et incivilit\u00e9s propos\u00e9e par l\u2019association Le Parcours,&hellip;\n","protected":false},"author":2,"featured_media":545196,"comment_status":"","ping_status":"","sticky":false,"template":"","format":"standard","meta":{"footnotes":""},"categories":[2820],"tags":[1111,11,2880,1777,674,107,1011,27,775,12,25,104,640,2879,1631],"class_list":{"0":"post-545195","1":"post","2":"type-post","3":"status-publish","4":"format-standard","5":"has-post-thumbnail","7":"category-strasbourg","8":"tag-actu","9":"tag-actualites","10":"tag-edition-strasbourg","11":"tag-eu","12":"tag-europe","13":"tag-fil-info","14":"tag-fr","15":"tag-france","16":"tag-grand-est","17":"tag-news","18":"tag-republique-francaise","19":"tag-societe","20":"tag-strasbourg","21":"tag-strasbourg-ville","22":"tag-vie-associative"},"share_on_mastodon":{"url":"https:\/\/pubeurope.com\/@fr\/115577692556894180","error":""},"_links":{"self":[{"href":"https:\/\/www.europesays.com\/fr\/wp-json\/wp\/v2\/posts\/545195","targetHints":{"allow":["GET"]}}],"collection":[{"href":"https:\/\/www.europesays.com\/fr\/wp-json\/wp\/v2\/posts"}],"about":[{"href":"https:\/\/www.europesays.com\/fr\/wp-json\/wp\/v2\/types\/post"}],"author":[{"embeddable":true,"href":"https:\/\/www.europesays.com\/fr\/wp-json\/wp\/v2\/users\/2"}],"replies":[{"embeddable":true,"href":"https:\/\/www.europesays.com\/fr\/wp-json\/wp\/v2\/comments?post=545195"}],"version-history":[{"count":0,"href":"https:\/\/www.europesays.com\/fr\/wp-json\/wp\/v2\/posts\/545195\/revisions"}],"wp:featuredmedia":[{"embeddable":true,"href":"https:\/\/www.europesays.com\/fr\/wp-json\/wp\/v2\/media\/545196"}],"wp:attachment":[{"href":"https:\/\/www.europesays.com\/fr\/wp-json\/wp\/v2\/media?parent=545195"}],"wp:term":[{"taxonomy":"category","embeddable":true,"href":"https:\/\/www.europesays.com\/fr\/wp-json\/wp\/v2\/categories?post=545195"},{"taxonomy":"post_tag","embeddable":true,"href":"https:\/\/www.europesays.com\/fr\/wp-json\/wp\/v2\/tags?post=545195"}],"curies":[{"name":"wp","href":"https:\/\/api.w.org\/{rel}","templated":true}]}}