{"id":545218,"date":"2025-11-19T18:17:10","date_gmt":"2025-11-19T18:17:10","guid":{"rendered":"https:\/\/www.europesays.com\/fr\/545218\/"},"modified":"2025-11-19T18:17:10","modified_gmt":"2025-11-19T18:17:10","slug":"felix-dhjan-tout-en-nuances-le-21-novembre-au-cepac-silo","status":"publish","type":"post","link":"https:\/\/www.europesays.com\/fr\/545218\/","title":{"rendered":"F\u00e9lix Dhjan tout en Nuances, Le 21 novembre au C\u00e9pac Silo"},"content":{"rendered":"<p>\tF\u00e9lix Dhjan tout en Nuances, Le 21 novembre au C\u00e9pac Silo &#8211; Toutma<\/p>\n<p>&#13;<br \/>\n&#13;<\/p>\n<p>&#13;<br \/>\n\t\t&#13;<\/p>\n<p>Nous utilisons des cookies pour vous garantir la meilleure exp\u00e9rience sur notre site web. Si vous continuez \u00e0 utiliser ce site, nous supposerons que vous en \u00eates satisfait.OK<\/p>\n<p>\t\t&#13;<\/p>\n","protected":false},"excerpt":{"rendered":"F\u00e9lix Dhjan tout en Nuances, Le 21 novembre au C\u00e9pac Silo &#8211; Toutma &#13; &#13; &#13; &#13; Nous&hellip;\n","protected":false},"author":2,"featured_media":545219,"comment_status":"","ping_status":"","sticky":false,"template":"","format":"standard","meta":{"footnotes":""},"categories":[2814],"tags":[1111,11,66354,1777,674,1011,27,2701,884,12,66355,66356,882,61998,25,66357],"class_list":{"0":"post-545218","1":"post","2":"type-post","3":"status-publish","4":"format-standard","5":"has-post-thumbnail","7":"category-marseille","8":"tag-actu","9":"tag-actualites","10":"tag-cepac-silo-marseille","11":"tag-eu","12":"tag-europe","13":"tag-fr","14":"tag-france","15":"tag-humoriste","16":"tag-marseille","17":"tag-news","18":"tag-one-man-show","19":"tag-one-man-show-marseille","20":"tag-provence-alpes-cote-dazur","21":"tag-que-faire-a-marseille","22":"tag-republique-francaise","23":"tag-spectacle-marseille"},"share_on_mastodon":{"url":"https:\/\/pubeurope.com\/@fr\/115577739520350714","error":""},"_links":{"self":[{"href":"https:\/\/www.europesays.com\/fr\/wp-json\/wp\/v2\/posts\/545218","targetHints":{"allow":["GET"]}}],"collection":[{"href":"https:\/\/www.europesays.com\/fr\/wp-json\/wp\/v2\/posts"}],"about":[{"href":"https:\/\/www.europesays.com\/fr\/wp-json\/wp\/v2\/types\/post"}],"author":[{"embeddable":true,"href":"https:\/\/www.europesays.com\/fr\/wp-json\/wp\/v2\/users\/2"}],"replies":[{"embeddable":true,"href":"https:\/\/www.europesays.com\/fr\/wp-json\/wp\/v2\/comments?post=545218"}],"version-history":[{"count":0,"href":"https:\/\/www.europesays.com\/fr\/wp-json\/wp\/v2\/posts\/545218\/revisions"}],"wp:featuredmedia":[{"embeddable":true,"href":"https:\/\/www.europesays.com\/fr\/wp-json\/wp\/v2\/media\/545219"}],"wp:attachment":[{"href":"https:\/\/www.europesays.com\/fr\/wp-json\/wp\/v2\/media?parent=545218"}],"wp:term":[{"taxonomy":"category","embeddable":true,"href":"https:\/\/www.europesays.com\/fr\/wp-json\/wp\/v2\/categories?post=545218"},{"taxonomy":"post_tag","embeddable":true,"href":"https:\/\/www.europesays.com\/fr\/wp-json\/wp\/v2\/tags?post=545218"}],"curies":[{"name":"wp","href":"https:\/\/api.w.org\/{rel}","templated":true}]}}