{"id":545234,"date":"2025-11-19T18:39:20","date_gmt":"2025-11-19T18:39:20","guid":{"rendered":"https:\/\/www.europesays.com\/fr\/545234\/"},"modified":"2025-11-19T18:39:20","modified_gmt":"2025-11-19T18:39:20","slug":"frappes-meurtrieres-dans-louest-et-impasse-diplomatique","status":"publish","type":"post","link":"https:\/\/www.europesays.com\/fr\/545234\/","title":{"rendered":"Frappes meurtri\u00e8res dans l\u2019ouest et impasse diplomatique"},"content":{"rendered":"<p>Vous avez rat\u00e9 les derniers \u00e9v\u00e9nements sur la <a href=\"https:\/\/www.20minutes.fr\/monde\/ukraine\/\" class=\"c-link c-link--is-underlined\" target=\"_blank\" rel=\"noopener\">guerre en Ukraine<\/a>\u00a0? 20 Minutes fait le point pour vous tous les soirs. Voici l\u2019essentiel de ce mercredi 19\u00a0novembre, 1.365e jour du conflit.<\/p>\n<p>Le fait du jour<\/p>\n<p>L\u2019Ukraine continue de compter ses morts. L\u2019ouest du pays, davantage \u00e9pargn\u00e9 depuis le d\u00e9but de <a href=\"https:\/\/www.20minutes.fr\/monde\/ukraine\/4186508-20251119-direct-guerre-ukraine-zelensky-attendu-turquie-erdogan-parler-paix\" class=\"c-link c-link--is-underlined\" target=\"_blank\" rel=\"noopener\">l\u2019invasion russe<\/a> car \u00e9loign\u00e9 de la ligne de front, a \u00e9t\u00e9 la cible de frappes meurtri\u00e8res dans la nuit. Au moins 25 personnes ont perdu la vie et 92 ont \u00e9t\u00e9 bless\u00e9es. Les attaques ont vis\u00e9 les villes de Lviv, Ivano-Frankivsk et Ternopil. C\u2019est dans cette derni\u00e8re ville que les 25 morts, parmi lesquels trois enfants, ont \u00e9t\u00e9 recens\u00e9s.<\/p>\n<\/p>\n<p>Un journaliste de l\u2019AFP sur place a vu deux immeubles d\u2019habitation dont les derniers \u00e9tages ont \u00e9t\u00e9 \u00e9ventr\u00e9s, de la fum\u00e9e s\u2019\u00e9chappant de ce qu\u2019il restait des appartements, tandis que des pompiers s\u2019activaient autour avec une lance \u00e0 incendie.<\/p>\n<p>L\u2019arm\u00e9e ukrainienne a affirm\u00e9 que la <a href=\"https:\/\/www.20minutes.fr\/monde\/russie\/\" target=\"_blank\" class=\"c-link c-link--is-underlined\" rel=\"noopener\">Russie<\/a> avait frapp\u00e9 la ville avec dix <a href=\"https:\/\/www.20minutes.fr\/societe\/4159550-20250622-guerre-missiles-croisiere-balistiques-hypersoniques-differences-utilisations\" target=\"_blank\" class=\"c-link c-link--is-underlined\" rel=\"noopener\">missiles de croisi\u00e8re<\/a>. Quelque 476 drones et 48 missiles russes ont vis\u00e9 le pays dans la nuit, dont respectivement 442 et 41 ont \u00e9t\u00e9 abattus, a-t-elle dit.<\/p>\n<p>La phrase du jour<\/p>\n<blockquote class=\"mx-m@xs mx-xxl@md color-ultramarine c-citation\">\n<p class=\"font-weight-regular@xs text-italic font-source-serif-pro text-l@xs c-citation__content\">\u00ab\u00a0Il s\u2019agit purement d\u2019une guerre de terreur contre la population civile ukrainienne\u00a0\u00bb<\/p>\n<\/blockquote>\n<p>Le chancelier allemand <a href=\"https:\/\/www.20minutes.fr\/politique\/friedrich-merz\/\" target=\"_blank\" class=\"c-link c-link--is-underlined\" rel=\"noopener\">Friedrich Merz<\/a> a d\u00e9nonc\u00e9 \u00ab\u00a0une intensification massive\u00a0\u00bb des frappes russes. \u00ab\u00a0Cela n\u2019a rien \u00e0 voir avec des objectifs militaires\u00a0\u00bb, a-t-il d\u00e9clar\u00e9 lors d\u2019une conf\u00e9rence de presse. Comme lors d\u2019autres attaques, la <a href=\"https:\/\/www.20minutes.fr\/dossier\/roumanie\" target=\"_blank\" class=\"c-link c-link--is-underlined\" rel=\"noopener\">Roumanie<\/a>, membre de l\u2019<a href=\"https:\/\/www.20minutes.fr\/monde\/otan\/\" target=\"_blank\" class=\"c-link c-link--is-underlined\" rel=\"noopener\">Otan<\/a> et voisine de l\u2019Ukraine, a annonc\u00e9 avoir d\u00fb faire d\u00e9coller des avions de chasse \u00e0 cause d\u2019une nouvelle incursion de drones sur son territoire.<\/p>\n<p>Le chiffre du jour<\/p>\n<p>0. C\u2019est le nombre de consulat russe qui reste en activit\u00e9 <a href=\"https:\/\/www.20minutes.fr\/monde\/ukraine\/4182071-20251117-guerre-ukraine-comme-assurance-vie-face-russie-pologne-construit-plus-grande-armee-europe\" target=\"_blank\" class=\"c-link c-link--is-underlined\" rel=\"noopener\">en Pologne<\/a> apr\u00e8s la fermeture du dernier \u00e0 Gdansk (nord), \u00e0 la suite du sabotage d\u2019une voie ferr\u00e9e vers l\u2019Ukraine, attribu\u00e9 par Varsovie \u00e0 la Russie. Cette d\u00e9cision signifie que la seule mission diplomatique russe qui restera ouverte en Pologne sera l\u2019ambassade \u00e0 Varsovie. Le ministre polonais des Affaires \u00e9trang\u00e8res, Radoslaw Sikorski, a estim\u00e9 que le sabotage \u00e9tait un \u00ab\u00a0acte de terreur d\u2019Etat\u00a0\u00bb, mais le <a href=\"https:\/\/www.20minutes.fr\/dossier\/kremlin\" target=\"_blank\" class=\"c-link c-link--is-underlined\" rel=\"noopener\">Kremlin<\/a> a ni\u00e9 les accusations, estimant que la Pologne se livrait \u00e0 de la \u00ab\u00a0russophobie\u00a0\u00bb.<\/p>\n<p>La tendance<\/p>\n<p>A l\u2019issue d\u2019une rencontre avec son homologue turc Recep Tayyip Erdogan \u00e0 Ankara, <a href=\"https:\/\/www.20minutes.fr\/monde\/volodymyr-zelensky\/\" target=\"_blank\" class=\"c-link c-link--is-underlined\" rel=\"noopener\">Volodymyr Zelensky<\/a> a dit esp\u00e9rer une reprise des \u00e9changes de prisonniers de guerre avec la Russie \u00ab\u00a0d\u2019ici la fin de l\u2019ann\u00e9e\u00a0\u00bb. Cette visite, sans pr\u00e9sence russe, visait \u00e0 \u00ab\u00a0r\u00e9engager\u00a0\u00bb les <a href=\"https:\/\/www.20minutes.fr\/monde\/ukraine\/4165784-20250729-guerre-ukraine-russie-peur-etats-unis-peut-passer-apres-ultimatum-trump\" target=\"_blank\" class=\"c-link c-link--is-underlined\" rel=\"noopener\">Etats-Unis dans le processus de paix<\/a>. Mais l\u2019\u00e9missaire am\u00e9ricain Steve Witkoff ne s\u2019est pas d\u00e9plac\u00e9.<\/p>\n<p><a href=\"http:\/\/www.20minutes.fr\/monde\/ukraine\" class=\"c-link c-btn c-btn--primary\" target=\"_blank\" rel=\"noopener\">Notre dossier sur la guerre en Ukraine<\/a><\/p>\n<p>Le Kremlin a de son c\u00f4t\u00e9 refus\u00e9 de commenter des informations publi\u00e9es par le m\u00e9dia am\u00e9ricain Axios selon lesquelles Washington et Moscou pr\u00e9parent discr\u00e8tement un plan de paix pour mettre fin \u00e0 pr\u00e8s de quatre ans de guerre.<\/p>\n<p>La volont\u00e9 de Kiev de relancer les pourparlers intervient \u00e0 un moment tr\u00e8s difficile pour l\u2019arm\u00e9e ukrainienne. Une ville cl\u00e9 sur le front Est, Pokrovsk, semble sur le point de tomber. Les soldats russes ont p\u00e9n\u00e9tr\u00e9 cet \u00e9t\u00e9 dans la r\u00e9gion de Dnipropetrovsk (centre-est) et avancent depuis plusieurs jours dans celle de Zaporijia (sud), o\u00f9 le front \u00e9tait largement gel\u00e9 depuis deux ans.<\/p>\n","protected":false},"excerpt":{"rendered":"Vous avez rat\u00e9 les derniers \u00e9v\u00e9nements sur la guerre en Ukraine\u00a0? 20 Minutes fait le point pour vous&hellip;\n","protected":false},"author":2,"featured_media":545235,"comment_status":"","ping_status":"","sticky":false,"template":"","format":"standard","meta":{"footnotes":""},"categories":[1590],"tags":[47,11,6376,1777,674,131,4998,74,12,136,2437,132,12999,3496,220,135,134],"class_list":{"0":"post-545234","1":"post","2":"type-post","3":"status-publish","4":"format-standard","5":"has-post-thumbnail","7":"category-ukraine","8":"tag-actualite","9":"tag-actualites","10":"tag-armes","11":"tag-eu","12":"tag-europe","13":"tag-guerre-en-ukraine","14":"tag-kremlin","15":"tag-monde","16":"tag-news","17":"tag-otan","18":"tag-pologne","19":"tag-russie","20":"tag-sabotage","21":"tag-turquie","22":"tag-ukraine","23":"tag-vladimir-poutine","24":"tag-volodymyr-zelensky"},"share_on_mastodon":{"url":"https:\/\/pubeurope.com\/@fr\/115577825882488107","error":""},"_links":{"self":[{"href":"https:\/\/www.europesays.com\/fr\/wp-json\/wp\/v2\/posts\/545234","targetHints":{"allow":["GET"]}}],"collection":[{"href":"https:\/\/www.europesays.com\/fr\/wp-json\/wp\/v2\/posts"}],"about":[{"href":"https:\/\/www.europesays.com\/fr\/wp-json\/wp\/v2\/types\/post"}],"author":[{"embeddable":true,"href":"https:\/\/www.europesays.com\/fr\/wp-json\/wp\/v2\/users\/2"}],"replies":[{"embeddable":true,"href":"https:\/\/www.europesays.com\/fr\/wp-json\/wp\/v2\/comments?post=545234"}],"version-history":[{"count":0,"href":"https:\/\/www.europesays.com\/fr\/wp-json\/wp\/v2\/posts\/545234\/revisions"}],"wp:featuredmedia":[{"embeddable":true,"href":"https:\/\/www.europesays.com\/fr\/wp-json\/wp\/v2\/media\/545235"}],"wp:attachment":[{"href":"https:\/\/www.europesays.com\/fr\/wp-json\/wp\/v2\/media?parent=545234"}],"wp:term":[{"taxonomy":"category","embeddable":true,"href":"https:\/\/www.europesays.com\/fr\/wp-json\/wp\/v2\/categories?post=545234"},{"taxonomy":"post_tag","embeddable":true,"href":"https:\/\/www.europesays.com\/fr\/wp-json\/wp\/v2\/tags?post=545234"}],"curies":[{"name":"wp","href":"https:\/\/api.w.org\/{rel}","templated":true}]}}